{"id":13380,"date":"2020-11-02T15:32:00","date_gmt":"2020-11-02T14:32:00","guid":{"rendered":"http:\/\/ostrowska.tv\/?p=13380"},"modified":"2020-11-02T15:32:00","modified_gmt":"2020-11-02T14:32:00","slug":"zderzenie-dwoch-ciezarowek-w-chojniku","status":"publish","type":"post","link":"https:\/\/ostrowskatv.pl\/?p=13380","title":{"rendered":"Zderzenie dw\u00f3ch ci\u0119\u017car\u00f3wek w Chojniku"},"content":{"rendered":"<p><strong>Przed godzin\u0105 15.00 na drodze krajowej nr 25 dosz\u0142o do zderzenia dw\u00f3ch aut ci\u0119\u017carowych. Do niebezpiecznie wygl\u0105daj\u0105cego zdarzenia dosz\u0142o w Chojniku przy domu stoj\u0105cym blisko zakr\u0119tu. Samoch\u00f3d ci\u0119\u017carowy tzw. sol\u00f3wka na \u0142uku drogi uderzy\u0142 w bok naczepy drugiego samochodu ci\u0119\u017carowego jad\u0105cego z przeciwka. Niebieska &#8222;sol\u00f3wka&#8221; po uderzeniu w naczep\u0119 zjecha\u0142a z drogi i zatrzyma\u0142a si\u0119 na pobliskiej \u0142\u0105ce.<\/strong><\/p>\n<p><a href=\"http:\/\/www.alfarm.eu\">Alfarm.eu &#8211; Produkty rolne<\/a><\/p>\n<p>Na miejsce zadysponowano stra\u017c po\u017carn\u0105, pogotowie i policj\u0119. Poszkodowany zosta\u0142 kierowca niebieskiej sol\u00f3wki. Pomocy medycznej udzielono mu w karetce. Drugiemu kierowcy nic si\u0119 nie sta\u0142o. Na uszkodzonej naczepie przewo\u017cone by\u0142o wapno. Droga zosta\u0142a zablokowana. <\/p>\n<div id='gallery-1' class='gallery galleryid-13380 gallery-columns-3 gallery-size-thumbnail'><figure class='gallery-item'>\n\t\t\t<div class='gallery-icon landscape'>\n\t\t\t\t<a href='https:\/\/ostrowskatv.pl\/?attachment_id=13379'><img loading=\"lazy\" decoding=\"async\" width=\"150\" height=\"150\" src=\"https:\/\/ostrowskatv.pl\/wp-content\/uploads\/2020\/11\/chojnik05-150x150.jpeg\" class=\"attachment-thumbnail size-thumbnail\" alt=\"\" \/><\/a>\n\t\t\t<\/div><\/figure><figure class='gallery-item'>\n\t\t\t<div class='gallery-icon landscape'>\n\t\t\t\t<a href='https:\/\/ostrowskatv.pl\/?attachment_id=13378'><img loading=\"lazy\" decoding=\"async\" width=\"150\" height=\"150\" src=\"https:\/\/ostrowskatv.pl\/wp-content\/uploads\/2020\/11\/chojnik04-150x150.jpeg\" class=\"attachment-thumbnail size-thumbnail\" alt=\"\" \/><\/a>\n\t\t\t<\/div><\/figure><figure class='gallery-item'>\n\t\t\t<div class='gallery-icon landscape'>\n\t\t\t\t<a href='https:\/\/ostrowskatv.pl\/?attachment_id=13377'><img loading=\"lazy\" decoding=\"async\" width=\"150\" height=\"150\" src=\"https:\/\/ostrowskatv.pl\/wp-content\/uploads\/2020\/11\/chojnik03-150x150.jpeg\" class=\"attachment-thumbnail size-thumbnail\" alt=\"\" \/><\/a>\n\t\t\t<\/div><\/figure><figure class='gallery-item'>\n\t\t\t<div class='gallery-icon portrait'>\n\t\t\t\t<a href='https:\/\/ostrowskatv.pl\/?attachment_id=13376'><img loading=\"lazy\" decoding=\"async\" width=\"150\" height=\"150\" src=\"https:\/\/ostrowskatv.pl\/wp-content\/uploads\/2020\/11\/chojnik02-150x150.jpeg\" class=\"attachment-thumbnail size-thumbnail\" alt=\"\" \/><\/a>\n\t\t\t<\/div><\/figure><figure class='gallery-item'>\n\t\t\t<div class='gallery-icon landscape'>\n\t\t\t\t<a href='https:\/\/ostrowskatv.pl\/?attachment_id=13375'><img loading=\"lazy\" decoding=\"async\" width=\"150\" height=\"150\" src=\"https:\/\/ostrowskatv.pl\/wp-content\/uploads\/2020\/11\/chojnik01-150x150.jpeg\" class=\"attachment-thumbnail size-thumbnail\" alt=\"\" \/><\/a>\n\t\t\t<\/div><\/figure>\n\t\t<\/div>\n\n","protected":false},"excerpt":{"rendered":"Przed godzin\u0105 15.00 na drodze krajowej nr 25 dosz\u0142o do zderzenia dw\u00f3ch aut ci\u0119\u017carowych. Do niebezpiecznie wygl\u0105daj\u0105cego zdarzenia dosz\u0142o w Chojniku przy domu \n<a class=\"moretag\" href=\"https:\/\/ostrowskatv.pl\/?p=13380\"> [...]<\/a>","protected":false},"author":1,"featured_media":13376,"comment_status":"open","ping_status":"closed","sticky":false,"template":"","format":"standard","meta":{"footnotes":""},"categories":[1],"tags":[119],"class_list":["post-13380","post","type-post","status-publish","format-standard","has-post-thumbnail","hentry","category-news","tag-chojnik"],"_links":{"self":[{"href":"https:\/\/ostrowskatv.pl\/index.php?rest_route=\/wp\/v2\/posts\/13380","targetHints":{"allow":["GET"]}}],"collection":[{"href":"https:\/\/ostrowskatv.pl\/index.php?rest_route=\/wp\/v2\/posts"}],"about":[{"href":"https:\/\/ostrowskatv.pl\/index.php?rest_route=\/wp\/v2\/types\/post"}],"author":[{"embeddable":true,"href":"https:\/\/ostrowskatv.pl\/index.php?rest_route=\/wp\/v2\/users\/1"}],"replies":[{"embeddable":true,"href":"https:\/\/ostrowskatv.pl\/index.php?rest_route=%2Fwp%2Fv2%2Fcomments&post=13380"}],"version-history":[{"count":0,"href":"https:\/\/ostrowskatv.pl\/index.php?rest_route=\/wp\/v2\/posts\/13380\/revisions"}],"wp:featuredmedia":[{"embeddable":true,"href":"https:\/\/ostrowskatv.pl\/index.php?rest_route=\/wp\/v2\/media\/13376"}],"wp:attachment":[{"href":"https:\/\/ostrowskatv.pl\/index.php?rest_route=%2Fwp%2Fv2%2Fmedia&parent=13380"}],"wp:term":[{"taxonomy":"category","embeddable":true,"href":"https:\/\/ostrowskatv.pl\/index.php?rest_route=%2Fwp%2Fv2%2Fcategories&post=13380"},{"taxonomy":"post_tag","embeddable":true,"href":"https:\/\/ostrowskatv.pl\/index.php?rest_route=%2Fwp%2Fv2%2Ftags&post=13380"}],"curies":[{"name":"wp","href":"https:\/\/api.w.org\/{rel}","templated":true}]}}