{"id":13366,"date":"2020-11-02T11:39:44","date_gmt":"2020-11-02T10:39:44","guid":{"rendered":"http:\/\/ostrowska.tv\/?p=13366"},"modified":"2020-11-02T11:40:11","modified_gmt":"2020-11-02T10:40:11","slug":"13366","status":"publish","type":"post","link":"https:\/\/ostrowskatv.pl\/?p=13366","title":{"rendered":"Sytuacja w ostrowskim szpitalu &#8222;dramatyczna&#8221;"},"content":{"rendered":"<p><strong>Na zorganizowanej dzi\u015b konferencji prasowej starosty Paw\u0142a Rajskiego i dyrektora szpitala Dariusza Bier\u0142y mo\u017cna by\u0142o us\u0142ysze\u0107 o sytuacji w powiecie ostrowskim, a zw\u0142aszcza w szpitalu. Dyrektor Bier\u0142a okre\u015bli\u0142 j\u0105 jako dramatyczn\u0105. <\/strong><\/p>\n<p>Starosta poinformowa\u0142, \u017ce w ostrowskim DPS-ie, kt\u00f3ry najd\u0142u\u017cej broni\u0142 si\u0119 przed epidemi\u0105 wykazano, \u017ce po\u0142owa z 40 podopiecznych jest zaka\u017con\u0105, podobnie jak 8 os\u00f3b z personelu.<\/p>\n<p>W ostatnich dniach uruchomiono 2 oddzia\u0142y izolacyjne w ostrowskim szpitalu. Przygotowane s\u0105 miejsca dla 65 os\u00f3b i 10 \u0142\u00f3\u017cek respiratorowych. W ci\u0105gu kilkudziesi\u0119ciu godzin wszystkie si\u0119 zape\u0142ni\u0142y.<\/p>\n<p>60 pracownik\u00f3w szpitala jest na L4 i ponad 30 na kwarantannach. Dy\u017cury s\u0105 ustalane z dnia na dzie\u0144.<\/p>\n<p>Ostrowski szpital dzia\u0142a tylko w systemie ostro dy\u017cur owym. Odwo\u0142ane s\u0105 zabiegi planowe.<\/p>\n<p>Osoby z b\u0142ahymi problemami maj\u0105 szuka\u0107 pomocy poza Szpitalnym Oddzialem Ratunkowym.<\/p>\n<p>W pa\u017adzierniku pobrano 3500 tysi\u0119cy wymaz\u00f3w co jest rekordem w wojew\u00f3dztwie.<\/p>\n<p>Poni\u017cej prezentujemy zdj\u0119cia z wn\u0119trza kaplicy znajduj\u0105cej si\u0119 w budynku prosektorium na terenie ostrowskiego szpitala. Cia\u0142a le\u017c\u0105 tu\u017c przy wej\u015bciu czekaj\u0105c na zabranie przez firmy pogrzebowe. Przez weekend odnotowano 10 zgon\u00f3w.<\/p>\n<div id='gallery-1' class='gallery galleryid-13366 gallery-columns-3 gallery-size-thumbnail'><figure class='gallery-item'>\n\t\t\t<div class='gallery-icon landscape'>\n\t\t\t\t<a href='https:\/\/ostrowskatv.pl\/?attachment_id=13367'><img loading=\"lazy\" decoding=\"async\" width=\"150\" height=\"150\" src=\"https:\/\/ostrowskatv.pl\/wp-content\/uploads\/2020\/11\/kaplica-zwloki-SARS-CoV-2-05-150x150.jpeg\" class=\"attachment-thumbnail size-thumbnail\" alt=\"\" \/><\/a>\n\t\t\t<\/div><\/figure><figure class='gallery-item'>\n\t\t\t<div class='gallery-icon landscape'>\n\t\t\t\t<a href='https:\/\/ostrowskatv.pl\/?attachment_id=13368'><img loading=\"lazy\" decoding=\"async\" width=\"150\" height=\"150\" src=\"https:\/\/ostrowskatv.pl\/wp-content\/uploads\/2020\/11\/kaplica-zwloki-SARS-CoV-2-04-150x150.jpeg\" class=\"attachment-thumbnail size-thumbnail\" alt=\"\" \/><\/a>\n\t\t\t<\/div><\/figure><figure class='gallery-item'>\n\t\t\t<div class='gallery-icon landscape'>\n\t\t\t\t<a href='https:\/\/ostrowskatv.pl\/?attachment_id=13369'><img loading=\"lazy\" decoding=\"async\" width=\"150\" height=\"150\" src=\"https:\/\/ostrowskatv.pl\/wp-content\/uploads\/2020\/11\/kaplica-zwloki-SARS-CoV-2-01-150x150.jpeg\" class=\"attachment-thumbnail size-thumbnail\" alt=\"\" \/><\/a>\n\t\t\t<\/div><\/figure><figure class='gallery-item'>\n\t\t\t<div class='gallery-icon landscape'>\n\t\t\t\t<a href='https:\/\/ostrowskatv.pl\/?attachment_id=13370'><img loading=\"lazy\" decoding=\"async\" width=\"150\" height=\"150\" src=\"https:\/\/ostrowskatv.pl\/wp-content\/uploads\/2020\/11\/kaplica-zwloki-SARS-CoV-2-02-150x150.jpeg\" class=\"attachment-thumbnail size-thumbnail\" alt=\"\" \/><\/a>\n\t\t\t<\/div><\/figure><figure class='gallery-item'>\n\t\t\t<div class='gallery-icon landscape'>\n\t\t\t\t<a href='https:\/\/ostrowskatv.pl\/?attachment_id=13371'><img loading=\"lazy\" decoding=\"async\" width=\"150\" height=\"150\" src=\"https:\/\/ostrowskatv.pl\/wp-content\/uploads\/2020\/11\/kaplica-zwloki-SARS-CoV-2-03-150x150.jpeg\" class=\"attachment-thumbnail size-thumbnail\" alt=\"\" \/><\/a>\n\t\t\t<\/div><\/figure>\n\t\t<\/div>\n\n<p>Obecnie oddzia\u0142 psychiatryczny zosta\u0142 wygaszony i jest przygotowywany pod oddzia\u0142 izolacyjny dla pacjent\u00f3w z SARS-CoV-2.<\/p>\n","protected":false},"excerpt":{"rendered":"Na zorganizowanej dzi\u015b konferencji prasowej starosty Paw\u0142a Rajskiego i dyrektora szpitala Dariusza Bier\u0142y mo\u017cna by\u0142o us\u0142ysze\u0107 o sytuacji w powiecie ostrowskim, a zw\u0142aszcza \n<a class=\"moretag\" href=\"https:\/\/ostrowskatv.pl\/?p=13366\"> [...]<\/a>","protected":false},"author":1,"featured_media":13370,"comment_status":"open","ping_status":"closed","sticky":false,"template":"","format":"standard","meta":{"footnotes":""},"categories":[1],"tags":[2],"class_list":["post-13366","post","type-post","status-publish","format-standard","has-post-thumbnail","hentry","category-news","tag-ostrow-wielkopolski"],"_links":{"self":[{"href":"https:\/\/ostrowskatv.pl\/index.php?rest_route=\/wp\/v2\/posts\/13366","targetHints":{"allow":["GET"]}}],"collection":[{"href":"https:\/\/ostrowskatv.pl\/index.php?rest_route=\/wp\/v2\/posts"}],"about":[{"href":"https:\/\/ostrowskatv.pl\/index.php?rest_route=\/wp\/v2\/types\/post"}],"author":[{"embeddable":true,"href":"https:\/\/ostrowskatv.pl\/index.php?rest_route=\/wp\/v2\/users\/1"}],"replies":[{"embeddable":true,"href":"https:\/\/ostrowskatv.pl\/index.php?rest_route=%2Fwp%2Fv2%2Fcomments&post=13366"}],"version-history":[{"count":0,"href":"https:\/\/ostrowskatv.pl\/index.php?rest_route=\/wp\/v2\/posts\/13366\/revisions"}],"wp:featuredmedia":[{"embeddable":true,"href":"https:\/\/ostrowskatv.pl\/index.php?rest_route=\/wp\/v2\/media\/13370"}],"wp:attachment":[{"href":"https:\/\/ostrowskatv.pl\/index.php?rest_route=%2Fwp%2Fv2%2Fmedia&parent=13366"}],"wp:term":[{"taxonomy":"category","embeddable":true,"href":"https:\/\/ostrowskatv.pl\/index.php?rest_route=%2Fwp%2Fv2%2Fcategories&post=13366"},{"taxonomy":"post_tag","embeddable":true,"href":"https:\/\/ostrowskatv.pl\/index.php?rest_route=%2Fwp%2Fv2%2Ftags&post=13366"}],"curies":[{"name":"wp","href":"https:\/\/api.w.org\/{rel}","templated":true}]}}