{"id":1335,"date":"2016-05-10T12:40:08","date_gmt":"2016-05-10T11:40:08","guid":{"rendered":"http:\/\/ostrowska.tv\/?p=1335"},"modified":"2016-05-10T12:40:08","modified_gmt":"2016-05-10T11:40:08","slug":"mahle-przejmuje-tereny-po-ostrowinie","status":"publish","type":"post","link":"https:\/\/ostrowskatv.pl\/?p=1335","title":{"rendered":"MAHLE przejmuje tereny po Ostrowinie"},"content":{"rendered":"<p><strong>Tereny nale\u017c\u0105ce kiedy\u015b do Zak\u0142adu Przemys\u0142u Spo\u017cywczego &#8222;Ostrowin&#8221; maj\u0105 nowego w\u0142a\u015bciciela. Jest nim sp\u00f3\u0142ka MAHLE Behr, funkcjonuj\u0105ca w bran\u017cy motoryzacyjnej.<\/strong><\/p>\n<p>Dzi\u0119ki zrealizowanej inwestycji firma zdecydowanie powi\u0119kszy sw\u00f3j obszar. Teraz b\u0119dzie on wynosi\u0142 137 984 m2 (o 27 897 m2 wi\u0119cej). Przekazywanie terenu do u\u017cytkowania b\u0119dzie nast\u0119powa\u0107 etapami. Cz\u0119\u015b\u0107 nieruchomo\u015bci jest ju\u017c w r\u0119kach nowego podmiotu. W po\u0142owie maja planowane s\u0105 kolejne dzia\u0142ania &#8211; dla pracownik\u00f3w MAHLE ma zosta\u0107 uruchomiony wtedy dodatkowy parking.<\/p>\n<p>Reszta terenu zostanie oddana we w\u0142adanie MAHLE Behr do ko\u0144ca tego roku. B\u0119dzie to jednocze\u015bnie czas, w kt\u00f3rym rusz\u0105 przygotowania do budowy nowej hali produkcyjnej. Ma ona powsta\u0107 ju\u017c w 2017 roku. Warto r\u00f3wnie\u017c doda\u0107, \u017ce w ramach projektu rozbudowy zak\u0142adu MAHLE Behr Ostr\u00f3w Wlkp., w bie\u017c\u0105cym roku planowana jest budowa hali magazynowej, a w przysz\u0142ym roku hali produkcyjno-magazynowej.<\/p>\n<p>Mahle Behr to najwi\u0119kszy pracodawca w naszym powiecie. Firma daje zatrudnienie ponad 2 000 osobom. Na co dzie\u0144 jej pracownicy produkuj\u0105 r\u00f3\u017cne urz\u0105dzenia motoryzacyjne. Mo\u017cna do nich zaliczy\u0107 mi\u0119dzy innymi ch\u0142odnice, grzejniki, skraplacze czy parowniki.<\/p>\n<div id='gallery-1' class='gallery galleryid-1335 gallery-columns-3 gallery-size-thumbnail'><figure class='gallery-item'>\n\t\t\t<div class='gallery-icon landscape'>\n\t\t\t\t<a href='https:\/\/ostrowskatv.pl\/?attachment_id=1336'><img loading=\"lazy\" decoding=\"async\" width=\"150\" height=\"150\" src=\"https:\/\/ostrowskatv.pl\/wp-content\/uploads\/2016\/05\/mahle-ostrowin-1-150x150.jpg\" class=\"attachment-thumbnail size-thumbnail\" alt=\"\" \/><\/a>\n\t\t\t<\/div><\/figure><figure class='gallery-item'>\n\t\t\t<div class='gallery-icon landscape'>\n\t\t\t\t<a href='https:\/\/ostrowskatv.pl\/?attachment_id=1337'><img loading=\"lazy\" decoding=\"async\" width=\"150\" height=\"150\" src=\"https:\/\/ostrowskatv.pl\/wp-content\/uploads\/2016\/05\/mahle-ostrowin-2-150x150.jpg\" class=\"attachment-thumbnail size-thumbnail\" alt=\"\" \/><\/a>\n\t\t\t<\/div><\/figure><figure class='gallery-item'>\n\t\t\t<div class='gallery-icon landscape'>\n\t\t\t\t<a href='https:\/\/ostrowskatv.pl\/?attachment_id=1338'><img loading=\"lazy\" decoding=\"async\" width=\"150\" height=\"150\" src=\"https:\/\/ostrowskatv.pl\/wp-content\/uploads\/2016\/05\/mahle-ostrowin-3-150x150.jpg\" class=\"attachment-thumbnail size-thumbnail\" alt=\"\" \/><\/a>\n\t\t\t<\/div><\/figure>\n\t\t<\/div>\n\n","protected":false},"excerpt":{"rendered":"Tereny nale\u017c\u0105ce kiedy\u015b do Zak\u0142adu Przemys\u0142u Spo\u017cywczego &#8222;Ostrowin&#8221; maj\u0105 nowego w\u0142a\u015bciciela. Jest nim sp\u00f3\u0142ka MAHLE Behr, funkcjonuj\u0105ca w bran\u017cy motoryzacyjnej. Dzi\u0119ki zrealizowanej inwestycji \n<a class=\"moretag\" href=\"https:\/\/ostrowskatv.pl\/?p=1335\"> [...]<\/a>","protected":false},"author":1,"featured_media":1337,"comment_status":"open","ping_status":"open","sticky":false,"template":"","format":"standard","meta":{"footnotes":""},"categories":[1],"tags":[2],"class_list":["post-1335","post","type-post","status-publish","format-standard","has-post-thumbnail","hentry","category-news","tag-ostrow-wielkopolski"],"_links":{"self":[{"href":"https:\/\/ostrowskatv.pl\/index.php?rest_route=\/wp\/v2\/posts\/1335","targetHints":{"allow":["GET"]}}],"collection":[{"href":"https:\/\/ostrowskatv.pl\/index.php?rest_route=\/wp\/v2\/posts"}],"about":[{"href":"https:\/\/ostrowskatv.pl\/index.php?rest_route=\/wp\/v2\/types\/post"}],"author":[{"embeddable":true,"href":"https:\/\/ostrowskatv.pl\/index.php?rest_route=\/wp\/v2\/users\/1"}],"replies":[{"embeddable":true,"href":"https:\/\/ostrowskatv.pl\/index.php?rest_route=%2Fwp%2Fv2%2Fcomments&post=1335"}],"version-history":[{"count":0,"href":"https:\/\/ostrowskatv.pl\/index.php?rest_route=\/wp\/v2\/posts\/1335\/revisions"}],"wp:featuredmedia":[{"embeddable":true,"href":"https:\/\/ostrowskatv.pl\/index.php?rest_route=\/wp\/v2\/media\/1337"}],"wp:attachment":[{"href":"https:\/\/ostrowskatv.pl\/index.php?rest_route=%2Fwp%2Fv2%2Fmedia&parent=1335"}],"wp:term":[{"taxonomy":"category","embeddable":true,"href":"https:\/\/ostrowskatv.pl\/index.php?rest_route=%2Fwp%2Fv2%2Fcategories&post=1335"},{"taxonomy":"post_tag","embeddable":true,"href":"https:\/\/ostrowskatv.pl\/index.php?rest_route=%2Fwp%2Fv2%2Ftags&post=1335"}],"curies":[{"name":"wp","href":"https:\/\/api.w.org\/{rel}","templated":true}]}}