{"id":13251,"date":"2020-10-27T09:31:02","date_gmt":"2020-10-27T08:31:02","guid":{"rendered":"http:\/\/ostrowska.tv\/?p=13251"},"modified":"2020-10-27T09:32:11","modified_gmt":"2020-10-27T08:32:11","slug":"koronawirus-w-sanepidzie-starostwo-ruszylo-na-pomoc","status":"publish","type":"post","link":"https:\/\/ostrowskatv.pl\/?p=13251","title":{"rendered":"Koronawirus w Sanepidzie. Starostwo ruszy\u0142o na pomoc"},"content":{"rendered":"<p><strong>Do skrajnie z\u0142ej sytuacji dosz\u0142o w ostrowskim Sanepidzie. 12 pracownik\u00f3w tej instytucji trafi\u0142o na zwolnienia lekarskie, a powodem pierwotnym jest zaka\u017cenie si\u0119 koronawirusem SARS-CoV-2 przez dw\u00f3ch z nich. Natychmiastow\u0105, pomocn\u0105 d\u0142o\u0144 poda\u0142y w\u0142adze powiatu ostrowskiego, kt\u00f3re zaanga\u017cowa\u0142y do pracy 5 pracownik\u00f3w starostwa oraz 4 osoby z bursy przy ul. Tomczeka.<\/strong><\/p>\n<p>Dzisiaj pracownicy starostwa przechodz\u0105 szkolenie. W najbli\u017cszych dniach nale\u017cy podchodzi\u0107 z wyrozumia\u0142o\u015bci\u0105, poniewa\u017c wiadomo, \u017ce ka\u017cdy musi si\u0119 wdro\u017cy\u0107 by m\u00f3c pracowa\u0107 na pe\u0142nych obrotach. Dobr\u0105 i potwierdzon\u0105 wiadomo\u015bci\u0105 jest brak konieczno\u015bci obejmowania kwarantann\u0105 os\u00f3b zamieszkuj\u0105cych z osobami maj\u0105cymi kontakt z osob\u0105 zaka\u017con\u0105. Czyli je\u015bli w zak\u0142adzie X jest &#8222;dodatni&#8221; pracownik i z wywiadu epidemicznego wyjdzie, \u017ce mia\u0142 bliski kontakt z 5 innymi pracownikami. To tylko tych 5 pracownik\u00f3w b\u0119dzie na kwarantannie, a ich domownicy ju\u017c nie. Ta nowelizacja rozporz\u0105dzenia powinna znacz\u0105co odci\u0105\u017cy\u0107 Powiatowe Stacje Sanitarno-Epidemiologiczne.<\/p>\n","protected":false},"excerpt":{"rendered":"Do skrajnie z\u0142ej sytuacji dosz\u0142o w ostrowskim Sanepidzie. 12 pracownik\u00f3w tej instytucji trafi\u0142o na zwolnienia lekarskie, a powodem pierwotnym jest zaka\u017cenie si\u0119 koronawirusem \n<a class=\"moretag\" href=\"https:\/\/ostrowskatv.pl\/?p=13251\"> [...]<\/a>","protected":false},"author":1,"featured_media":11630,"comment_status":"open","ping_status":"closed","sticky":false,"template":"","format":"standard","meta":{"footnotes":""},"categories":[1],"tags":[2],"class_list":["post-13251","post","type-post","status-publish","format-standard","has-post-thumbnail","hentry","category-news","tag-ostrow-wielkopolski"],"_links":{"self":[{"href":"https:\/\/ostrowskatv.pl\/index.php?rest_route=\/wp\/v2\/posts\/13251","targetHints":{"allow":["GET"]}}],"collection":[{"href":"https:\/\/ostrowskatv.pl\/index.php?rest_route=\/wp\/v2\/posts"}],"about":[{"href":"https:\/\/ostrowskatv.pl\/index.php?rest_route=\/wp\/v2\/types\/post"}],"author":[{"embeddable":true,"href":"https:\/\/ostrowskatv.pl\/index.php?rest_route=\/wp\/v2\/users\/1"}],"replies":[{"embeddable":true,"href":"https:\/\/ostrowskatv.pl\/index.php?rest_route=%2Fwp%2Fv2%2Fcomments&post=13251"}],"version-history":[{"count":0,"href":"https:\/\/ostrowskatv.pl\/index.php?rest_route=\/wp\/v2\/posts\/13251\/revisions"}],"wp:featuredmedia":[{"embeddable":true,"href":"https:\/\/ostrowskatv.pl\/index.php?rest_route=\/wp\/v2\/media\/11630"}],"wp:attachment":[{"href":"https:\/\/ostrowskatv.pl\/index.php?rest_route=%2Fwp%2Fv2%2Fmedia&parent=13251"}],"wp:term":[{"taxonomy":"category","embeddable":true,"href":"https:\/\/ostrowskatv.pl\/index.php?rest_route=%2Fwp%2Fv2%2Fcategories&post=13251"},{"taxonomy":"post_tag","embeddable":true,"href":"https:\/\/ostrowskatv.pl\/index.php?rest_route=%2Fwp%2Fv2%2Ftags&post=13251"}],"curies":[{"name":"wp","href":"https:\/\/api.w.org\/{rel}","templated":true}]}}