{"id":13212,"date":"2020-10-26T10:42:40","date_gmt":"2020-10-26T09:42:40","guid":{"rendered":"http:\/\/ostrowska.tv\/?p=13212"},"modified":"2020-10-26T10:42:48","modified_gmt":"2020-10-26T09:42:48","slug":"wypadek-w-tym-samym-miejscu-kolo-strug","status":"publish","type":"post","link":"https:\/\/ostrowskatv.pl\/?p=13212","title":{"rendered":"Wypadek w tym samym miejscu ko\u0142o Strug"},"content":{"rendered":"<p><strong>Nie min\u0105\u0142 jeszcze tydzie\u0144, a w tym samym miejscu dosz\u0142o do drugiego powa\u017cnego wypadku. Na odcinku Strugi &#8211; Antonin zderzy\u0142y si\u0119 samoch\u00f3d ci\u0119\u017carowy, osob\u00f3wka i bus. W zdarzeniu, kt\u00f3re wygl\u0105da powa\u017cnie nikt nie ucierpia\u0142.<\/strong><\/p>\n<p>5 dni temu zderzy\u0142 si\u0119 ci\u0119\u017car\u00f3wka z osob\u00f3wkami. Dzi\u015b o du\u017cym szcz\u0119\u015bciu mo\u017ce m\u00f3wi\u0107 mieszkaniec naszego powiatu, kt\u00f3ry kierowa\u0142 Renault Twingo.<\/p>\n<p>Najpierw do lasu w lewo skr\u0119ca\u0142 samoch\u00f3d. Za nim zatrzymywa\u0142y si\u0119 kolejne auta w tym bua i wspomniane Renault Twingo. Wtedy w ich ty\u0142 uderzy\u0142 MAN. Po zderzeniu pojazd ci\u0119\u017carowy zjecha\u0142 do rowu po przeciwnej stronie. Twingo obr\u00f3ci\u0142o si\u0119, a rykoszetem oberwa\u0142 by\u015b marki Ford. Kierowca z Renault Twingo chodzi\u0142, ale by\u0142 mocno obola\u0142y. Ma oko\u0142o 30 lat. Kierowca ci\u0119\u017car\u00f3wki t\u0142umaczy\u0142 si\u0119 zagapieniem si\u0119.<\/p>\n","protected":false},"excerpt":{"rendered":"Nie min\u0105\u0142 jeszcze tydzie\u0144, a w tym samym miejscu dosz\u0142o do drugiego powa\u017cnego wypadku. Na odcinku Strugi &#8211; Antonin zderzy\u0142y si\u0119 samoch\u00f3d ci\u0119\u017carowy, \n<a class=\"moretag\" href=\"https:\/\/ostrowskatv.pl\/?p=13212\"> [...]<\/a>","protected":false},"author":1,"featured_media":13210,"comment_status":"open","ping_status":"closed","sticky":false,"template":"","format":"standard","meta":{"footnotes":""},"categories":[1],"tags":[11],"class_list":["post-13212","post","type-post","status-publish","format-standard","has-post-thumbnail","hentry","category-news","tag-wypadek"],"_links":{"self":[{"href":"https:\/\/ostrowskatv.pl\/index.php?rest_route=\/wp\/v2\/posts\/13212","targetHints":{"allow":["GET"]}}],"collection":[{"href":"https:\/\/ostrowskatv.pl\/index.php?rest_route=\/wp\/v2\/posts"}],"about":[{"href":"https:\/\/ostrowskatv.pl\/index.php?rest_route=\/wp\/v2\/types\/post"}],"author":[{"embeddable":true,"href":"https:\/\/ostrowskatv.pl\/index.php?rest_route=\/wp\/v2\/users\/1"}],"replies":[{"embeddable":true,"href":"https:\/\/ostrowskatv.pl\/index.php?rest_route=%2Fwp%2Fv2%2Fcomments&post=13212"}],"version-history":[{"count":0,"href":"https:\/\/ostrowskatv.pl\/index.php?rest_route=\/wp\/v2\/posts\/13212\/revisions"}],"wp:featuredmedia":[{"embeddable":true,"href":"https:\/\/ostrowskatv.pl\/index.php?rest_route=\/wp\/v2\/media\/13210"}],"wp:attachment":[{"href":"https:\/\/ostrowskatv.pl\/index.php?rest_route=%2Fwp%2Fv2%2Fmedia&parent=13212"}],"wp:term":[{"taxonomy":"category","embeddable":true,"href":"https:\/\/ostrowskatv.pl\/index.php?rest_route=%2Fwp%2Fv2%2Fcategories&post=13212"},{"taxonomy":"post_tag","embeddable":true,"href":"https:\/\/ostrowskatv.pl\/index.php?rest_route=%2Fwp%2Fv2%2Ftags&post=13212"}],"curies":[{"name":"wp","href":"https:\/\/api.w.org\/{rel}","templated":true}]}}