{"id":13205,"date":"2020-10-26T09:39:46","date_gmt":"2020-10-26T08:39:46","guid":{"rendered":"http:\/\/ostrowska.tv\/?p=13205"},"modified":"2020-10-26T09:39:46","modified_gmt":"2020-10-26T08:39:46","slug":"domownicy-juz-nie-beda-na-wspolnej-kwarantannie","status":"publish","type":"post","link":"https:\/\/ostrowskatv.pl\/?p=13205","title":{"rendered":"Domownicy ju\u017c nie b\u0119d\u0105 na wsp\u00f3lnej kwarantannie"},"content":{"rendered":"<p><strong>W rozporz\u0105dzeniu obowi\u0105zuj\u0105cym od minionej soboty pojawi\u0142 si\u0119 zapis, wed\u0142ug kt\u00f3rego kwarantann\u0105 zostanie obj\u0119ta tylko osoba maj\u0105ca kontakt z zaka\u017conym. Dzi\u0119ki temu domownicy nie b\u0119d\u0105 ju\u017c wsp\u00f3lnie zamkni\u0119ci. <\/strong><\/p>\n<p>Ten przepis idzie na r\u0119k\u0119 m. in. wszystkim tym, kt\u00f3rych dzieci mog\u0142y zosta\u0107 obj\u0119te kwarantann\u0105 z powodu wykrycia osoby zaka\u017conej w \u017c\u0142obku, przedszkolu, szkole.<\/p>\n<p>Do tej pory na 10-dniow\u0105 kwarantann\u0119 trafia\u0142a osoba z bezpo\u015bredniego kontaktu oraz osoby wsp\u00f3lnie zamieszkuj\u0105ce.<\/p>\n<p>Wed\u0142ug wytycznych na kwarantann\u0119 ma trafi\u0107 osoba, kt\u00f3ra mia\u0142a co najmniej 15-minutowy kontakt z zaka\u017conym w pomieszczeniu zamkni\u0119tym.<\/p>\n<p>Dodatkowo Zak\u0142ad Ubezpiecze\u0144 Spo\u0142ecznych otrzyma\u0142 wgl\u0105d do systemu, dzi\u0119ki czemu Sanepid nie b\u0119dzie musia\u0142 wystawia\u0107 za\u015bwiadcze\u0144.<\/p>\n","protected":false},"excerpt":{"rendered":"W rozporz\u0105dzeniu obowi\u0105zuj\u0105cym od minionej soboty pojawi\u0142 si\u0119 zapis, wed\u0142ug kt\u00f3rego kwarantann\u0105 zostanie obj\u0119ta tylko osoba maj\u0105ca kontakt z zaka\u017conym. Dzi\u0119ki temu domownicy \n<a class=\"moretag\" href=\"https:\/\/ostrowskatv.pl\/?p=13205\"> [...]<\/a>","protected":false},"author":1,"featured_media":11630,"comment_status":"open","ping_status":"closed","sticky":false,"template":"","format":"standard","meta":{"footnotes":""},"categories":[1],"tags":[195],"class_list":["post-13205","post","type-post","status-publish","format-standard","has-post-thumbnail","hentry","category-news","tag-koronawirus"],"_links":{"self":[{"href":"https:\/\/ostrowskatv.pl\/index.php?rest_route=\/wp\/v2\/posts\/13205","targetHints":{"allow":["GET"]}}],"collection":[{"href":"https:\/\/ostrowskatv.pl\/index.php?rest_route=\/wp\/v2\/posts"}],"about":[{"href":"https:\/\/ostrowskatv.pl\/index.php?rest_route=\/wp\/v2\/types\/post"}],"author":[{"embeddable":true,"href":"https:\/\/ostrowskatv.pl\/index.php?rest_route=\/wp\/v2\/users\/1"}],"replies":[{"embeddable":true,"href":"https:\/\/ostrowskatv.pl\/index.php?rest_route=%2Fwp%2Fv2%2Fcomments&post=13205"}],"version-history":[{"count":0,"href":"https:\/\/ostrowskatv.pl\/index.php?rest_route=\/wp\/v2\/posts\/13205\/revisions"}],"wp:featuredmedia":[{"embeddable":true,"href":"https:\/\/ostrowskatv.pl\/index.php?rest_route=\/wp\/v2\/media\/11630"}],"wp:attachment":[{"href":"https:\/\/ostrowskatv.pl\/index.php?rest_route=%2Fwp%2Fv2%2Fmedia&parent=13205"}],"wp:term":[{"taxonomy":"category","embeddable":true,"href":"https:\/\/ostrowskatv.pl\/index.php?rest_route=%2Fwp%2Fv2%2Fcategories&post=13205"},{"taxonomy":"post_tag","embeddable":true,"href":"https:\/\/ostrowskatv.pl\/index.php?rest_route=%2Fwp%2Fv2%2Ftags&post=13205"}],"curies":[{"name":"wp","href":"https:\/\/api.w.org\/{rel}","templated":true}]}}