{"id":13202,"date":"2020-10-26T07:11:09","date_gmt":"2020-10-26T06:11:09","guid":{"rendered":"http:\/\/ostrowska.tv\/?p=13202"},"modified":"2020-10-26T07:40:17","modified_gmt":"2020-10-26T06:40:17","slug":"dom-jaroslawa-urbaniaka-cuchnaco-oznaczony-przez-rolnikow","status":"publish","type":"post","link":"https:\/\/ostrowskatv.pl\/?p=13202","title":{"rendered":"Dom Jaros\u0142awa Urbaniaka cuchn\u0105co oznaczony przez rolnik\u00f3w"},"content":{"rendered":"<p><strong>Pose\u0142 na Sejm RP Jaros\u0142aw Urbaniak jest jedn\u0105 z os\u00f3b, kt\u00f3ra ostatnio podpad\u0142a \u015brodowisku rolniczemu. Nieznani sprawcy oznaczaj\u0105 domy pos\u0142\u00f3w za pomoc\u0105 s\u0142omy,\u00a0 pierza, opon i zgromadzonej w pojemnikach cuchn\u0105cej substancji, prawdopodobnie gnojowicy. Protestuj\u0105cym chodzi o &#8222;zdrajc\u00f3w, kt\u00f3rzy zag\u0142osowali za pi\u0105tk\u0105 dla zwierz\u0105t, zwan\u0105 tak\u017ce&#8221; pi\u0105tk\u0105 Kaczy\u0144skiego.<\/strong><\/p>\n<p>W nocy z niedzieli na poniedzia\u0142ek w\u0142a\u015bnie w taki spos\u00f3b dom pos\u0142a Urbaniaka zosta\u0142 potraktowany. Wcze\u015bniej na li\u015bcie zdrajc\u00f3w znale\u017ali si\u0119 pose\u0142 Piotr Kalet\u0105 i Karolina Pawliczak z powiatu kaliskiego.<\/p>\n<p>Docieraj\u0105 do nas informacje, \u017ce domy zw\u0142aszcza parlamentarzyst\u00f3w Prawa i Sprawiedliwo\u015bci s\u0105 pilnowane w nocy przez policjant\u00f3w. Minionej nocy dom opozycyjnego pos\u0142a nie mia\u0142 takiej ochrony.<\/p>\n<p>Pytanie czy jest to taki rodzaj \u0142amania prawa, kt\u00f3ry wymaga du\u017cego anga\u017cowania policjant\u00f3w. W tym czasie mogliby strzec powiatu przed prawdziwymi przest\u0119pcami. Natomiast s\u0142om\u0119 i gnojowic\u0119 mo\u017cna wykorzysta\u0107 z po\u017cytkiem.<\/p>\n<div id='gallery-1' class='gallery galleryid-13202 gallery-columns-3 gallery-size-thumbnail'><figure class='gallery-item'>\n\t\t\t<div class='gallery-icon landscape'>\n\t\t\t\t<a href='https:\/\/ostrowskatv.pl\/?attachment_id=13201'><img loading=\"lazy\" decoding=\"async\" width=\"150\" height=\"150\" src=\"https:\/\/ostrowskatv.pl\/wp-content\/uploads\/2020\/10\/IMG_20201026_065430-01-150x150.jpeg\" class=\"attachment-thumbnail size-thumbnail\" alt=\"\" \/><\/a>\n\t\t\t<\/div><\/figure><figure class='gallery-item'>\n\t\t\t<div class='gallery-icon landscape'>\n\t\t\t\t<a href='https:\/\/ostrowskatv.pl\/?attachment_id=13200'><img loading=\"lazy\" decoding=\"async\" width=\"150\" height=\"150\" src=\"https:\/\/ostrowskatv.pl\/wp-content\/uploads\/2020\/10\/IMG_20201026_065446-01-150x150.jpeg\" class=\"attachment-thumbnail size-thumbnail\" alt=\"\" \/><\/a>\n\t\t\t<\/div><\/figure><figure class='gallery-item'>\n\t\t\t<div class='gallery-icon landscape'>\n\t\t\t\t<a href='https:\/\/ostrowskatv.pl\/?attachment_id=13199'><img loading=\"lazy\" decoding=\"async\" width=\"150\" height=\"150\" src=\"https:\/\/ostrowskatv.pl\/wp-content\/uploads\/2020\/10\/IMG_20201026_065358-01-150x150.jpeg\" class=\"attachment-thumbnail size-thumbnail\" alt=\"\" \/><\/a>\n\t\t\t<\/div><\/figure><figure class='gallery-item'>\n\t\t\t<div class='gallery-icon landscape'>\n\t\t\t\t<a href='https:\/\/ostrowskatv.pl\/?attachment_id=13198'><img loading=\"lazy\" decoding=\"async\" width=\"150\" height=\"150\" src=\"https:\/\/ostrowskatv.pl\/wp-content\/uploads\/2020\/10\/IMG_20201026_065340-01-150x150.jpeg\" class=\"attachment-thumbnail size-thumbnail\" alt=\"\" \/><\/a>\n\t\t\t<\/div><\/figure><figure class='gallery-item'>\n\t\t\t<div class='gallery-icon landscape'>\n\t\t\t\t<a href='https:\/\/ostrowskatv.pl\/?attachment_id=13197'><img loading=\"lazy\" decoding=\"async\" width=\"150\" height=\"150\" src=\"https:\/\/ostrowskatv.pl\/wp-content\/uploads\/2020\/10\/IMG_20201026_065321-01-150x150.jpeg\" class=\"attachment-thumbnail size-thumbnail\" alt=\"\" \/><\/a>\n\t\t\t<\/div><\/figure>\n\t\t<\/div>\n\n<p>&nbsp;<\/p>\n","protected":false},"excerpt":{"rendered":"Pose\u0142 na Sejm RP Jaros\u0142aw Urbaniak jest jedn\u0105 z os\u00f3b, kt\u00f3ra ostatnio podpad\u0142a \u015brodowisku rolniczemu. Nieznani sprawcy oznaczaj\u0105 domy pos\u0142\u00f3w za pomoc\u0105 s\u0142omy,\u00a0 \n<a class=\"moretag\" href=\"https:\/\/ostrowskatv.pl\/?p=13202\"> [...]<\/a>","protected":false},"author":1,"featured_media":13198,"comment_status":"open","ping_status":"closed","sticky":false,"template":"","format":"standard","meta":{"footnotes":""},"categories":[1],"tags":[2],"class_list":["post-13202","post","type-post","status-publish","format-standard","has-post-thumbnail","hentry","category-news","tag-ostrow-wielkopolski"],"_links":{"self":[{"href":"https:\/\/ostrowskatv.pl\/index.php?rest_route=\/wp\/v2\/posts\/13202","targetHints":{"allow":["GET"]}}],"collection":[{"href":"https:\/\/ostrowskatv.pl\/index.php?rest_route=\/wp\/v2\/posts"}],"about":[{"href":"https:\/\/ostrowskatv.pl\/index.php?rest_route=\/wp\/v2\/types\/post"}],"author":[{"embeddable":true,"href":"https:\/\/ostrowskatv.pl\/index.php?rest_route=\/wp\/v2\/users\/1"}],"replies":[{"embeddable":true,"href":"https:\/\/ostrowskatv.pl\/index.php?rest_route=%2Fwp%2Fv2%2Fcomments&post=13202"}],"version-history":[{"count":0,"href":"https:\/\/ostrowskatv.pl\/index.php?rest_route=\/wp\/v2\/posts\/13202\/revisions"}],"wp:featuredmedia":[{"embeddable":true,"href":"https:\/\/ostrowskatv.pl\/index.php?rest_route=\/wp\/v2\/media\/13198"}],"wp:attachment":[{"href":"https:\/\/ostrowskatv.pl\/index.php?rest_route=%2Fwp%2Fv2%2Fmedia&parent=13202"}],"wp:term":[{"taxonomy":"category","embeddable":true,"href":"https:\/\/ostrowskatv.pl\/index.php?rest_route=%2Fwp%2Fv2%2Fcategories&post=13202"},{"taxonomy":"post_tag","embeddable":true,"href":"https:\/\/ostrowskatv.pl\/index.php?rest_route=%2Fwp%2Fv2%2Ftags&post=13202"}],"curies":[{"name":"wp","href":"https:\/\/api.w.org\/{rel}","templated":true}]}}