{"id":132,"date":"2016-01-08T15:00:40","date_gmt":"2016-01-08T14:00:40","guid":{"rendered":"http:\/\/ostrowska.tv\/?p=132"},"modified":"2016-01-08T15:00:40","modified_gmt":"2016-01-08T14:00:40","slug":"pis-wprowadza-zmiany-zabraknie-miejsc-w-przedszkolach","status":"publish","type":"post","link":"https:\/\/ostrowskatv.pl\/?p=132","title":{"rendered":"PiS wprowadza zmiany. Zabraknie miejsc w przedszkolach?"},"content":{"rendered":"<p><strong>Sze\u015bciolatki nie b\u0119d\u0105 musia\u0142y p\u00f3j\u015b\u0107 do szk\u00f3\u0142. To jedna z ostatnich decyzji Prawa i Sprawiedliwo\u015bci. Jak wp\u0142ynie ona na sytuacj\u0119 w ostrowskich przedszkolach?<\/strong><\/p>\n<p>&#8211; Zmienili\u015bmy ustaw\u0119 o systemie o\u015bwiaty. Teraz obowi\u0105zek szkolny rozpoczyna si\u0119 w wieku 7 lat. Rodzice dzieci sze\u015bcioletnich b\u0119d\u0105 mogli podj\u0105\u0107 jednak decyzj\u0119, by posz\u0142y one do szko\u0142y bez \u017cadnych dodatkowych dokument\u00f3w. Nie spodziewamy si\u0119 w zwi\u0105zku z tym wi\u0119kszego problemu. Ten czeka nas za kilka lat i dotyczy nauczycieli \u2013 m\u00f3wi nam senator PiS \u0141ukasz Miko\u0142ajczyk. Jaki problem ma na my\u015bli? &#8211; Dosz\u0142o do zdublowania rocznika poprzez zmian\u0119 ustawy, kiedy Platforma Obywatelska wprowadza\u0142a wiek 6 lat jako obowi\u0105zkowy. W tej chwili mamy oko\u0142o 23 tysi\u0119cy nauczycieli, kt\u00f3rzy zostali zatrudnieni przez kilka ostatnich lat. Z tego 10 tysi\u0119cy to sta\u017cy\u015bci. Oni po zako\u0144czeniu cykl\u00f3w b\u0119d\u0105 w du\u017cej mierze bez pracy \u2013 wyja\u015bnia Miko\u0142ajczyk.<\/p>\n<p>Zmiany w ustawie o systemie o\u015bwiaty nie dotycz\u0105 tylko wieku, w kt\u00f3rym dzieci musz\u0105 i\u015b\u0107 do szko\u0142y. Przesuni\u0119ta zosta\u0142a r\u00f3wnie\u017c mo\u017cliwo\u015b\u0107 prowadzenia oddzia\u0142\u00f3w przedszkolnych w szkole do roku 2019. &#8211; Do tej pory mog\u0142y one funkcjonowa\u0107 do 1 wrze\u015bnia 2016 roku \u2013 t\u0142umaczy Miko\u0142ajczyk. &#8211; Oddzia\u0142y przedszkolne b\u0119d\u0105 zatem nadal funkcjonowa\u0107 w szko\u0142ach. Dzieci sze\u015bcioletnie b\u0119d\u0105 mog\u0142y w nich pozosta\u0107. W samych przedszkolach b\u0119d\u0105 dzieci m\u0142odsze \u2013 dodaje senator PiS.<\/p>\n<p>\u0141ukasz Miko\u0142ajczyk wi\u0119kszego zagro\u017cenia zwi\u0105zanego z wprowadzonymi zmianami nie widzi. Jego zdaniem miejsc w przedszkolach powinno dla wszystkich wystarczy\u0107. Wi\u0119ksze obawy maj\u0105 jednak w\u0142adze naszego miasta. &#8211; W zwi\u0105zku ze zniesieniem obowi\u0105zku szkolnego dla dzieci 6 &#8211; letnich i mo\u017cliwo\u015bci\u0105 pozostania dzieci 6 &#8211; letnich w przedszkolach, istnieje obawa, \u017ce nie wszystkie najm\u0142odsze dzieci ubiegaj\u0105ce si\u0119 o przyj\u0119cie do przedszkoli po raz pierwszy, zostan\u0105 do nich przyj\u0119te. Liczba wolnych miejsc w przedszkolach \u015bci\u015ble uzale\u017cniona jest od tego, ilu rodzic\u00f3w zdecyduje si\u0119 pos\u0142a\u0107 swoje dziecko 6 \u2013 letnie do szko\u0142y. Przeludnienie w przedszkolach jest niemo\u017cliwe, gdy\u017c w jednej grupie mo\u017ce by\u0107 maksymalnie 25 dzieci, a liczba grup uzale\u017cniona jest od og\u00f3lnej liczby miejsc w przedszkolach. W kwestii prowadzenia jakichkolwiek wylicze\u0144 informujemy, \u017ce w Referacie O\u015bwiaty Urz\u0119du Miejskiego prowadzone s\u0105 na bie\u017c\u0105co analizy demograficzne dotycz\u0105ce dzieci przedszkolnych, jak r\u00f3wnie\u017c szkolnych \u2013 informuj\u0105 nas w\u0142adze miasta. Na ten moment efekty dzia\u0142a\u0144 PiS-u trudno zatem przewidzie\u0107.<\/p>\n<p>Oddzielnym tematem jest planowana przez rz\u0105d likwidacja gimnazj\u00f3w. Ten pomys\u0142 rodzi r\u00f3wnie\u017c wiele obaw. Wi\u0119cej informacji w naszym kolejnym materiale.<\/p>\n","protected":false},"excerpt":{"rendered":"Sze\u015bciolatki nie b\u0119d\u0105 musia\u0142y p\u00f3j\u015b\u0107 do szk\u00f3\u0142. To jedna z ostatnich decyzji Prawa i Sprawiedliwo\u015bci. Jak wp\u0142ynie ona na sytuacj\u0119 w ostrowskich przedszkolach? \n<a class=\"moretag\" href=\"https:\/\/ostrowskatv.pl\/?p=132\"> [...]<\/a>","protected":false},"author":1,"featured_media":133,"comment_status":"open","ping_status":"open","sticky":false,"template":"","format":"standard","meta":{"footnotes":""},"categories":[1],"tags":[],"class_list":["post-132","post","type-post","status-publish","format-standard","has-post-thumbnail","hentry","category-news"],"_links":{"self":[{"href":"https:\/\/ostrowskatv.pl\/index.php?rest_route=\/wp\/v2\/posts\/132","targetHints":{"allow":["GET"]}}],"collection":[{"href":"https:\/\/ostrowskatv.pl\/index.php?rest_route=\/wp\/v2\/posts"}],"about":[{"href":"https:\/\/ostrowskatv.pl\/index.php?rest_route=\/wp\/v2\/types\/post"}],"author":[{"embeddable":true,"href":"https:\/\/ostrowskatv.pl\/index.php?rest_route=\/wp\/v2\/users\/1"}],"replies":[{"embeddable":true,"href":"https:\/\/ostrowskatv.pl\/index.php?rest_route=%2Fwp%2Fv2%2Fcomments&post=132"}],"version-history":[{"count":0,"href":"https:\/\/ostrowskatv.pl\/index.php?rest_route=\/wp\/v2\/posts\/132\/revisions"}],"wp:featuredmedia":[{"embeddable":true,"href":"https:\/\/ostrowskatv.pl\/index.php?rest_route=\/wp\/v2\/media\/133"}],"wp:attachment":[{"href":"https:\/\/ostrowskatv.pl\/index.php?rest_route=%2Fwp%2Fv2%2Fmedia&parent=132"}],"wp:term":[{"taxonomy":"category","embeddable":true,"href":"https:\/\/ostrowskatv.pl\/index.php?rest_route=%2Fwp%2Fv2%2Fcategories&post=132"},{"taxonomy":"post_tag","embeddable":true,"href":"https:\/\/ostrowskatv.pl\/index.php?rest_route=%2Fwp%2Fv2%2Ftags&post=132"}],"curies":[{"name":"wp","href":"https:\/\/api.w.org\/{rel}","templated":true}]}}