{"id":13138,"date":"2020-10-24T16:03:46","date_gmt":"2020-10-24T15:03:46","guid":{"rendered":"http:\/\/ostrowska.tv\/?p=13138"},"modified":"2020-10-24T16:06:06","modified_gmt":"2020-10-24T15:06:06","slug":"policjanci-z-bronia-w-reku-odzyskali-skradzione-auta-wideo","status":"publish","type":"post","link":"https:\/\/ostrowskatv.pl\/?p=13138","title":{"rendered":"Policjanci z broni\u0105 w r\u0119ku odzyskali skradzione auto (wideo)"},"content":{"rendered":"<p><strong>Oko\u0142o godziny 11.00 zg\u0142oszono kradzie\u017c Volvo z 2002 roku. Do kradzie\u017cy mia\u0142o doj\u015b\u0107 spod kamienicy przy ul. Raszkowskiej w Ostrowie Wielkopolskim. P\u00f3\u0142torej godziny p\u00f3\u017aniej w oku kamery zamontowanej przy Rondzie Bankowym dosz\u0142o do odzyskania skradzionego samochodu.\u00a0<\/strong><\/p>\n<p>Dw\u00f3ch funkcjonariuszy z Wydzia\u0142u Zarz\u0105dzania Kryzysowego jad\u0105c nieoznakowanym radiowozem przy II Liceum Og\u00f3lnokszta\u0142c\u0105cym dostrzegli skradzione auto. Postanowili zajecha\u0107 mu drog\u0119 na wje\u017adzie na Rondo Bankowe. Policjanci podchodz\u0105c do auta, w kt\u00f3rym siedzia\u0142o dw\u00f3ch m\u0142odych m\u0119\u017cczyzn, wyci\u0105gn\u0119li bro\u0144 s\u0142u\u017cbow\u0105. Kierowca i pasa\u017cer Volvo podnie\u015bli r\u0119ce i poddali si\u0119 bez walki.<\/p>\n<p>Po chwili zostali skuci i zaprowadzeni do drugiego radiowozu, kt\u00f3ry akurat przeje\u017cd\u017ca\u0142 przez rondo. Trwaj\u0105 czynno\u015bci wyja\u015bniaj\u0105ce.<\/p>\n<p><iframe loading=\"lazy\" title=\"Policjanci z broni\u0105 w r\u0119ku odzyskuj\u0105 skradzione auto\" width=\"747\" height=\"560\" src=\"https:\/\/www.youtube.com\/embed\/CC2PHB8cF0w?feature=oembed\" frameborder=\"0\" allow=\"accelerometer; autoplay; clipboard-write; encrypted-media; gyroscope; picture-in-picture; web-share\" referrerpolicy=\"strict-origin-when-cross-origin\" allowfullscreen><\/iframe><\/p>\n","protected":false},"excerpt":{"rendered":"Oko\u0142o godziny 11.00 zg\u0142oszono kradzie\u017c Volvo z 2002 roku. Do kradzie\u017cy mia\u0142o doj\u015b\u0107 spod kamienicy przy ul. Raszkowskiej w Ostrowie Wielkopolskim. P\u00f3\u0142torej godziny \n<a class=\"moretag\" href=\"https:\/\/ostrowskatv.pl\/?p=13138\"> [...]<\/a>","protected":false},"author":1,"featured_media":13139,"comment_status":"open","ping_status":"closed","sticky":false,"template":"","format":"standard","meta":{"footnotes":""},"categories":[1],"tags":[2],"class_list":["post-13138","post","type-post","status-publish","format-standard","has-post-thumbnail","hentry","category-news","tag-ostrow-wielkopolski"],"_links":{"self":[{"href":"https:\/\/ostrowskatv.pl\/index.php?rest_route=\/wp\/v2\/posts\/13138","targetHints":{"allow":["GET"]}}],"collection":[{"href":"https:\/\/ostrowskatv.pl\/index.php?rest_route=\/wp\/v2\/posts"}],"about":[{"href":"https:\/\/ostrowskatv.pl\/index.php?rest_route=\/wp\/v2\/types\/post"}],"author":[{"embeddable":true,"href":"https:\/\/ostrowskatv.pl\/index.php?rest_route=\/wp\/v2\/users\/1"}],"replies":[{"embeddable":true,"href":"https:\/\/ostrowskatv.pl\/index.php?rest_route=%2Fwp%2Fv2%2Fcomments&post=13138"}],"version-history":[{"count":0,"href":"https:\/\/ostrowskatv.pl\/index.php?rest_route=\/wp\/v2\/posts\/13138\/revisions"}],"wp:featuredmedia":[{"embeddable":true,"href":"https:\/\/ostrowskatv.pl\/index.php?rest_route=\/wp\/v2\/media\/13139"}],"wp:attachment":[{"href":"https:\/\/ostrowskatv.pl\/index.php?rest_route=%2Fwp%2Fv2%2Fmedia&parent=13138"}],"wp:term":[{"taxonomy":"category","embeddable":true,"href":"https:\/\/ostrowskatv.pl\/index.php?rest_route=%2Fwp%2Fv2%2Fcategories&post=13138"},{"taxonomy":"post_tag","embeddable":true,"href":"https:\/\/ostrowskatv.pl\/index.php?rest_route=%2Fwp%2Fv2%2Ftags&post=13138"}],"curies":[{"name":"wp","href":"https:\/\/api.w.org\/{rel}","templated":true}]}}