{"id":13136,"date":"2020-10-24T10:22:35","date_gmt":"2020-10-24T09:22:35","guid":{"rendered":"http:\/\/ostrowska.tv\/?p=13136"},"modified":"2020-10-24T10:22:35","modified_gmt":"2020-10-24T09:22:35","slug":"karetka-na-czerwonym-uderzyla-w-auto-z-ziemniakami","status":"publish","type":"post","link":"https:\/\/ostrowskatv.pl\/?p=13136","title":{"rendered":"Karetka na czerwonym uderzy\u0142a w auto z ziemniakami"},"content":{"rendered":"<p><strong>Do zderzenia karetki pogotowia ratunkowego z samochodem osobowym dosz\u0142o w sobot\u0119 po godzinie 10.00. Ulic\u0105 Krotoszy\u0144sk\u0105 w Ostrowie Wlkp. jecha\u0142a karetka pogotowia z pacjentk\u0105 na pok\u0142adzie. Na skrzy\u017cowaniu z ulic\u0105 Bema karetka wjecha\u0142a przy zapalonym czerwonym \u015bwietle. Wtedy z ulicy Bema wjecha\u0142 na zielonym kierowca Mercedesa.<\/strong><\/p>\n<p>Uderzenie nie by\u0142o silne, ale wymaga\u0142o wezwania drugiego zespo\u0142u medycznego, kt\u00f3ry przej\u0105\u0142 pacjentk\u0119 w s\u0119dziwym wieku.<\/p>\n<p>Na miejsce wys\u0142ana zosta\u0142a tak\u017ce stra\u017c po\u017carna i policja. Winnym uznano kierowc\u0119 karetki.<\/p>\n<div id='gallery-1' class='gallery galleryid-13136 gallery-columns-3 gallery-size-thumbnail'><figure class='gallery-item'>\n\t\t\t<div class='gallery-icon landscape'>\n\t\t\t\t<a href='https:\/\/ostrowskatv.pl\/?attachment_id=13135'><img loading=\"lazy\" decoding=\"async\" width=\"150\" height=\"150\" src=\"https:\/\/ostrowskatv.pl\/wp-content\/uploads\/2020\/10\/IMG_20201024_102613-01-150x150.jpeg\" class=\"attachment-thumbnail size-thumbnail\" alt=\"\" \/><\/a>\n\t\t\t<\/div><\/figure><figure class='gallery-item'>\n\t\t\t<div class='gallery-icon landscape'>\n\t\t\t\t<a href='https:\/\/ostrowskatv.pl\/?attachment_id=13134'><img loading=\"lazy\" decoding=\"async\" width=\"150\" height=\"150\" src=\"https:\/\/ostrowskatv.pl\/wp-content\/uploads\/2020\/10\/IMG_20201024_102834-01-150x150.jpeg\" class=\"attachment-thumbnail size-thumbnail\" alt=\"\" \/><\/a>\n\t\t\t<\/div><\/figure><figure class='gallery-item'>\n\t\t\t<div class='gallery-icon landscape'>\n\t\t\t\t<a href='https:\/\/ostrowskatv.pl\/?attachment_id=13133'><img loading=\"lazy\" decoding=\"async\" width=\"150\" height=\"150\" src=\"https:\/\/ostrowskatv.pl\/wp-content\/uploads\/2020\/10\/IMG_20201024_103443-01-150x150.jpeg\" class=\"attachment-thumbnail size-thumbnail\" alt=\"\" \/><\/a>\n\t\t\t<\/div><\/figure><figure class='gallery-item'>\n\t\t\t<div class='gallery-icon landscape'>\n\t\t\t\t<a href='https:\/\/ostrowskatv.pl\/?attachment_id=13132'><img loading=\"lazy\" decoding=\"async\" width=\"150\" height=\"150\" src=\"https:\/\/ostrowskatv.pl\/wp-content\/uploads\/2020\/10\/IMG_20201024_104540-01-01-150x150.jpeg\" class=\"attachment-thumbnail size-thumbnail\" alt=\"\" \/><\/a>\n\t\t\t<\/div><\/figure><figure class='gallery-item'>\n\t\t\t<div class='gallery-icon landscape'>\n\t\t\t\t<a href='https:\/\/ostrowskatv.pl\/?attachment_id=13131'><img loading=\"lazy\" decoding=\"async\" width=\"150\" height=\"150\" src=\"https:\/\/ostrowskatv.pl\/wp-content\/uploads\/2020\/10\/IMG_20201024_102709-01-150x150.jpeg\" class=\"attachment-thumbnail size-thumbnail\" alt=\"\" \/><\/a>\n\t\t\t<\/div><\/figure>\n\t\t<\/div>\n\n","protected":false},"excerpt":{"rendered":"Do zderzenia karetki pogotowia ratunkowego z samochodem osobowym dosz\u0142o w sobot\u0119 po godzinie 10.00. Ulic\u0105 Krotoszy\u0144sk\u0105 w Ostrowie Wlkp. jecha\u0142a karetka pogotowia z \n<a class=\"moretag\" href=\"https:\/\/ostrowskatv.pl\/?p=13136\"> [...]<\/a>","protected":false},"author":1,"featured_media":13131,"comment_status":"open","ping_status":"closed","sticky":false,"template":"","format":"standard","meta":{"footnotes":""},"categories":[1],"tags":[2],"class_list":["post-13136","post","type-post","status-publish","format-standard","has-post-thumbnail","hentry","category-news","tag-ostrow-wielkopolski"],"_links":{"self":[{"href":"https:\/\/ostrowskatv.pl\/index.php?rest_route=\/wp\/v2\/posts\/13136","targetHints":{"allow":["GET"]}}],"collection":[{"href":"https:\/\/ostrowskatv.pl\/index.php?rest_route=\/wp\/v2\/posts"}],"about":[{"href":"https:\/\/ostrowskatv.pl\/index.php?rest_route=\/wp\/v2\/types\/post"}],"author":[{"embeddable":true,"href":"https:\/\/ostrowskatv.pl\/index.php?rest_route=\/wp\/v2\/users\/1"}],"replies":[{"embeddable":true,"href":"https:\/\/ostrowskatv.pl\/index.php?rest_route=%2Fwp%2Fv2%2Fcomments&post=13136"}],"version-history":[{"count":0,"href":"https:\/\/ostrowskatv.pl\/index.php?rest_route=\/wp\/v2\/posts\/13136\/revisions"}],"wp:featuredmedia":[{"embeddable":true,"href":"https:\/\/ostrowskatv.pl\/index.php?rest_route=\/wp\/v2\/media\/13131"}],"wp:attachment":[{"href":"https:\/\/ostrowskatv.pl\/index.php?rest_route=%2Fwp%2Fv2%2Fmedia&parent=13136"}],"wp:term":[{"taxonomy":"category","embeddable":true,"href":"https:\/\/ostrowskatv.pl\/index.php?rest_route=%2Fwp%2Fv2%2Fcategories&post=13136"},{"taxonomy":"post_tag","embeddable":true,"href":"https:\/\/ostrowskatv.pl\/index.php?rest_route=%2Fwp%2Fv2%2Ftags&post=13136"}],"curies":[{"name":"wp","href":"https:\/\/api.w.org\/{rel}","templated":true}]}}