{"id":13128,"date":"2020-10-23T20:06:48","date_gmt":"2020-10-23T19:06:48","guid":{"rendered":"http:\/\/ostrowska.tv\/?p=13128"},"modified":"2020-10-23T20:06:48","modified_gmt":"2020-10-23T19:06:48","slug":"wjechal-w-dzieciecy-wozek","status":"publish","type":"post","link":"https:\/\/ostrowskatv.pl\/?p=13128","title":{"rendered":"Wjecha\u0142 w dzieci\u0119cy w\u00f3zek"},"content":{"rendered":"<p><strong>Kamera zamontowana przy Rondzie Bankowym zarejestrowa\u0142a mro\u017c\u0105ce krew w \u017cy\u0142ach zdarzenie. Kierowca srebrnego auta uderzy\u0142 w dzieci\u0119cy w\u00f3zek. Wszystko widzia\u0142a kobieta pchaj\u0105ca w\u00f3zek.\u00a0<\/strong><\/p>\n<p>Kamera zarejestrowa\u0142a w du\u017cym zbli\u017ceniu zdarzenie w pi\u0105tkowe po\u0142udnie. Kobieta prowadzi\u0142a w\u00f3zek dzieci\u0119cy po drodze id\u0105cej przed bankiem. Tu\u017c za samochodem zatrzyma\u0142a si\u0119 na 2 sekundy, trzymaj\u0105c w\u00f3zek z ty\u0142u auta. Wtedy auto ruszy\u0142o. Kierowca na szcz\u0119\u015bcie szybko si\u0119 zatrzyma\u0142 i przejecha\u0142 do przodu. Uderzenie nie by\u0142o silne i dziecku najprawdopodobniej nic si\u0119 nie sta\u0142o.<\/p>\n<p><iframe loading=\"lazy\" title=\"Wjecha\u0142 w w\u00f3zek dzieci\u0119cy\" width=\"747\" height=\"420\" src=\"https:\/\/www.youtube.com\/embed\/j-Q5Tcc30g4?feature=oembed\" frameborder=\"0\" allow=\"accelerometer; autoplay; clipboard-write; encrypted-media; gyroscope; picture-in-picture; web-share\" referrerpolicy=\"strict-origin-when-cross-origin\" allowfullscreen><\/iframe><\/p>\n","protected":false},"excerpt":{"rendered":"Kamera zamontowana przy Rondzie Bankowym zarejestrowa\u0142a mro\u017c\u0105ce krew w \u017cy\u0142ach zdarzenie. Kierowca srebrnego auta uderzy\u0142 w dzieci\u0119cy w\u00f3zek. Wszystko widzia\u0142a kobieta pchaj\u0105ca w\u00f3zek.\u00a0 \n<a class=\"moretag\" href=\"https:\/\/ostrowskatv.pl\/?p=13128\"> [...]<\/a>","protected":false},"author":1,"featured_media":13129,"comment_status":"open","ping_status":"closed","sticky":false,"template":"","format":"standard","meta":{"footnotes":""},"categories":[1],"tags":[2],"class_list":["post-13128","post","type-post","status-publish","format-standard","has-post-thumbnail","hentry","category-news","tag-ostrow-wielkopolski"],"_links":{"self":[{"href":"https:\/\/ostrowskatv.pl\/index.php?rest_route=\/wp\/v2\/posts\/13128","targetHints":{"allow":["GET"]}}],"collection":[{"href":"https:\/\/ostrowskatv.pl\/index.php?rest_route=\/wp\/v2\/posts"}],"about":[{"href":"https:\/\/ostrowskatv.pl\/index.php?rest_route=\/wp\/v2\/types\/post"}],"author":[{"embeddable":true,"href":"https:\/\/ostrowskatv.pl\/index.php?rest_route=\/wp\/v2\/users\/1"}],"replies":[{"embeddable":true,"href":"https:\/\/ostrowskatv.pl\/index.php?rest_route=%2Fwp%2Fv2%2Fcomments&post=13128"}],"version-history":[{"count":0,"href":"https:\/\/ostrowskatv.pl\/index.php?rest_route=\/wp\/v2\/posts\/13128\/revisions"}],"wp:featuredmedia":[{"embeddable":true,"href":"https:\/\/ostrowskatv.pl\/index.php?rest_route=\/wp\/v2\/media\/13129"}],"wp:attachment":[{"href":"https:\/\/ostrowskatv.pl\/index.php?rest_route=%2Fwp%2Fv2%2Fmedia&parent=13128"}],"wp:term":[{"taxonomy":"category","embeddable":true,"href":"https:\/\/ostrowskatv.pl\/index.php?rest_route=%2Fwp%2Fv2%2Fcategories&post=13128"},{"taxonomy":"post_tag","embeddable":true,"href":"https:\/\/ostrowskatv.pl\/index.php?rest_route=%2Fwp%2Fv2%2Ftags&post=13128"}],"curies":[{"name":"wp","href":"https:\/\/api.w.org\/{rel}","templated":true}]}}