{"id":13091,"date":"2020-10-20T18:35:44","date_gmt":"2020-10-20T17:35:44","guid":{"rendered":"http:\/\/ostrowska.tv\/?p=13091"},"modified":"2020-10-20T18:35:44","modified_gmt":"2020-10-20T17:35:44","slug":"zderzenie-autokaru-z-busem","status":"publish","type":"post","link":"https:\/\/ostrowskatv.pl\/?p=13091","title":{"rendered":"Zderzenie autokaru z busem"},"content":{"rendered":"<p><strong>Powa\u017cny wypadek na drodze wojew\u00f3dzkiej nr 442, mi\u0119dzy Jankowem Drugim (pow. kaliski) a Choczem (po. pleszewski). Dosz\u0142o tam do zderzenia busa i kaliskiego PKS-u. Do szpitala przetransportowano dwie osoby.<\/strong><\/p>\n<p>Do wypadku dosz\u0142o we wtorkowe popo\u0142udnie 20 pa\u017adziernika. Do wypadku dosz\u0142o we wtorkowe popo\u0142udnie 20 pa\u017adziernika. &#8211; Ze wst\u0119pnych ustale\u0144 policji wynika, \u017ce kierowca opla Movano, jad\u0105c w kierunku Kalisza, podczas wyprzedania zderzy\u0142 si\u0119 czo\u0142owo z autobusem marki Autosan. Kierowca opla z powa\u017cnymi obra\u017ceniami cia\u0142a zosta\u0142 przetransportowany do szpitala przez LPR \u2013 informuje asp. Monika Ko\u0142aska, oficer prasowy pleszewskiej policji. &#8211; Oplem podr\u00f3\u017cowa\u0142o dw\u00f3ch pasa\u017cer\u00f3w. Jeden z nich zosta\u0142 zabrany do szpitala w Kaliszu. Pasa\u017cerom autobusu nic si\u0119 nie sta\u0142o.<\/p>\n<p>Droga w miejscu zdarzenia by\u0142a zablokowana przez ponad 3 godziny.<\/p>\n<div id='gallery-1' class='gallery galleryid-13091 gallery-columns-3 gallery-size-thumbnail'><figure class='gallery-item'>\n\t\t\t<div class='gallery-icon landscape'>\n\t\t\t\t<a href='https:\/\/ostrowskatv.pl\/?attachment_id=13092'><img loading=\"lazy\" decoding=\"async\" width=\"150\" height=\"150\" src=\"https:\/\/ostrowskatv.pl\/wp-content\/uploads\/2020\/10\/IMG_20201020_191615-01-150x150.jpeg\" class=\"attachment-thumbnail size-thumbnail\" alt=\"\" \/><\/a>\n\t\t\t<\/div><\/figure><figure class='gallery-item'>\n\t\t\t<div class='gallery-icon landscape'>\n\t\t\t\t<a href='https:\/\/ostrowskatv.pl\/?attachment_id=13093'><img loading=\"lazy\" decoding=\"async\" width=\"150\" height=\"150\" src=\"https:\/\/ostrowskatv.pl\/wp-content\/uploads\/2020\/10\/IMG_20201020_1903312-01-150x150.jpeg\" class=\"attachment-thumbnail size-thumbnail\" alt=\"\" \/><\/a>\n\t\t\t<\/div><\/figure><figure class='gallery-item'>\n\t\t\t<div class='gallery-icon landscape'>\n\t\t\t\t<a href='https:\/\/ostrowskatv.pl\/?attachment_id=13094'><img loading=\"lazy\" decoding=\"async\" width=\"150\" height=\"150\" src=\"https:\/\/ostrowskatv.pl\/wp-content\/uploads\/2020\/10\/IMG_20201020_191241-01-150x150.jpeg\" class=\"attachment-thumbnail size-thumbnail\" alt=\"\" \/><\/a>\n\t\t\t<\/div><\/figure><figure class='gallery-item'>\n\t\t\t<div class='gallery-icon landscape'>\n\t\t\t\t<a href='https:\/\/ostrowskatv.pl\/?attachment_id=13095'><img loading=\"lazy\" decoding=\"async\" width=\"150\" height=\"150\" src=\"https:\/\/ostrowskatv.pl\/wp-content\/uploads\/2020\/10\/IMG_20201020_190753-01-150x150.jpeg\" class=\"attachment-thumbnail size-thumbnail\" alt=\"\" \/><\/a>\n\t\t\t<\/div><\/figure><figure class='gallery-item'>\n\t\t\t<div class='gallery-icon portrait'>\n\t\t\t\t<a href='https:\/\/ostrowskatv.pl\/?attachment_id=13096'><img loading=\"lazy\" decoding=\"async\" width=\"150\" height=\"150\" src=\"https:\/\/ostrowskatv.pl\/wp-content\/uploads\/2020\/10\/IMG_20201020_191048-01-150x150.jpeg\" class=\"attachment-thumbnail size-thumbnail\" alt=\"\" \/><\/a>\n\t\t\t<\/div><\/figure><figure class='gallery-item'>\n\t\t\t<div class='gallery-icon landscape'>\n\t\t\t\t<a href='https:\/\/ostrowskatv.pl\/?attachment_id=13097'><img loading=\"lazy\" decoding=\"async\" width=\"150\" height=\"150\" src=\"https:\/\/ostrowskatv.pl\/wp-content\/uploads\/2020\/10\/IMG_20201020_191131-01-150x150.jpeg\" class=\"attachment-thumbnail size-thumbnail\" alt=\"\" \/><\/a>\n\t\t\t<\/div><\/figure>\n\t\t<\/div>\n\n","protected":false},"excerpt":{"rendered":"Powa\u017cny wypadek na drodze wojew\u00f3dzkiej nr 442, mi\u0119dzy Jankowem Drugim (pow. kaliski) a Choczem (po. pleszewski). Dosz\u0142o tam do zderzenia busa i kaliskiego \n<a class=\"moretag\" href=\"https:\/\/ostrowskatv.pl\/?p=13091\"> [...]<\/a>","protected":false},"author":1,"featured_media":13093,"comment_status":"open","ping_status":"closed","sticky":false,"template":"","format":"standard","meta":{"footnotes":""},"categories":[1],"tags":[11],"class_list":["post-13091","post","type-post","status-publish","format-standard","has-post-thumbnail","hentry","category-news","tag-wypadek"],"_links":{"self":[{"href":"https:\/\/ostrowskatv.pl\/index.php?rest_route=\/wp\/v2\/posts\/13091","targetHints":{"allow":["GET"]}}],"collection":[{"href":"https:\/\/ostrowskatv.pl\/index.php?rest_route=\/wp\/v2\/posts"}],"about":[{"href":"https:\/\/ostrowskatv.pl\/index.php?rest_route=\/wp\/v2\/types\/post"}],"author":[{"embeddable":true,"href":"https:\/\/ostrowskatv.pl\/index.php?rest_route=\/wp\/v2\/users\/1"}],"replies":[{"embeddable":true,"href":"https:\/\/ostrowskatv.pl\/index.php?rest_route=%2Fwp%2Fv2%2Fcomments&post=13091"}],"version-history":[{"count":0,"href":"https:\/\/ostrowskatv.pl\/index.php?rest_route=\/wp\/v2\/posts\/13091\/revisions"}],"wp:featuredmedia":[{"embeddable":true,"href":"https:\/\/ostrowskatv.pl\/index.php?rest_route=\/wp\/v2\/media\/13093"}],"wp:attachment":[{"href":"https:\/\/ostrowskatv.pl\/index.php?rest_route=%2Fwp%2Fv2%2Fmedia&parent=13091"}],"wp:term":[{"taxonomy":"category","embeddable":true,"href":"https:\/\/ostrowskatv.pl\/index.php?rest_route=%2Fwp%2Fv2%2Fcategories&post=13091"},{"taxonomy":"post_tag","embeddable":true,"href":"https:\/\/ostrowskatv.pl\/index.php?rest_route=%2Fwp%2Fv2%2Ftags&post=13091"}],"curies":[{"name":"wp","href":"https:\/\/api.w.org\/{rel}","templated":true}]}}