{"id":13085,"date":"2020-10-19T10:48:34","date_gmt":"2020-10-19T09:48:34","guid":{"rendered":"http:\/\/ostrowska.tv\/?p=13085"},"modified":"2020-10-19T10:48:50","modified_gmt":"2020-10-19T09:48:50","slug":"bylo-tloczno-w-autobusach-jak-bedzie-z-obostrzeniami-czerwonej-strefy","status":"publish","type":"post","link":"https:\/\/ostrowskatv.pl\/?p=13085","title":{"rendered":"By\u0142o t\u0142oczno w autobusach. Jak b\u0119dzie z obostrzeniami czerwonej strefy?"},"content":{"rendered":"<p><strong>Okres szkolny powoduje, \u017ce autobusami podr\u00f3\u017cuj\u0105 t\u0142umy os\u00f3b. Sytuacja wyst\u0119puje we wczesnych godzinach porannych i wczesnopopo\u0142udniowych. Jeszcze zanim Ostr\u00f3w zosta\u0142 zakwalifikowany do czerwonej strefy, na niekt\u00f3rych kursach panowa\u0142 t\u0142ok.<\/strong><\/p>\n<p>Od 17.10.2020 r. do odwo\u0142ania w autobusie mo\u017ce by\u0107 zaj\u0119te przez pasa\u017cer\u00f3w maksymalnie 30% wszystkich miejsc siedz\u0105cych i stoj\u0105cych przy za\u0142o\u017ceniu, \u017ce co drugie miejsce siedz\u0105ce b\u0119dzie wolne.<br \/>\nMiejski Zak\u0142ad Komunikacji w Ostrowie przypomina o obowi\u0105zku zas\u0142aniania ust i nosa we wszystkich autobusach komunikacji miejskiej.<\/p>\n<p>Na szcz\u0119\u015bcie w szko\u0142ach ponadpodstawowych zarz\u0105dzono nauczanie zdalne, co znacz\u0105co wp\u0142ynie na frekwencj\u0119 w autobusach. Problem jednak nadal b\u0119dzie dotyczy\u0107 dzieci doje\u017cd\u017caj\u0105cych do szk\u00f3\u0142 podstawowych.<\/p>\n<div id='gallery-1' class='gallery galleryid-13085 gallery-columns-3 gallery-size-thumbnail'><figure class='gallery-item'>\n\t\t\t<div class='gallery-icon landscape'>\n\t\t\t\t<a href='https:\/\/ostrowskatv.pl\/?attachment_id=13088'><img loading=\"lazy\" decoding=\"async\" width=\"150\" height=\"150\" src=\"https:\/\/ostrowskatv.pl\/wp-content\/uploads\/2020\/10\/received_826222428182920-01-150x150.jpeg\" class=\"attachment-thumbnail size-thumbnail\" alt=\"\" \/><\/a>\n\t\t\t<\/div><\/figure><figure class='gallery-item'>\n\t\t\t<div class='gallery-icon portrait'>\n\t\t\t\t<a href='https:\/\/ostrowskatv.pl\/?attachment_id=13087'><img loading=\"lazy\" decoding=\"async\" width=\"150\" height=\"150\" src=\"https:\/\/ostrowskatv.pl\/wp-content\/uploads\/2020\/10\/received_334425577985252-01-150x150.jpeg\" class=\"attachment-thumbnail size-thumbnail\" alt=\"\" \/><\/a>\n\t\t\t<\/div><\/figure><figure class='gallery-item'>\n\t\t\t<div class='gallery-icon landscape'>\n\t\t\t\t<a href='https:\/\/ostrowskatv.pl\/?attachment_id=13086'><img loading=\"lazy\" decoding=\"async\" width=\"150\" height=\"150\" src=\"https:\/\/ostrowskatv.pl\/wp-content\/uploads\/2020\/10\/received_325912045172843-01-150x150.jpeg\" class=\"attachment-thumbnail size-thumbnail\" alt=\"\" \/><\/a>\n\t\t\t<\/div><\/figure>\n\t\t<\/div>\n\n","protected":false},"excerpt":{"rendered":"Okres szkolny powoduje, \u017ce autobusami podr\u00f3\u017cuj\u0105 t\u0142umy os\u00f3b. Sytuacja wyst\u0119puje we wczesnych godzinach porannych i wczesnopopo\u0142udniowych. Jeszcze zanim Ostr\u00f3w zosta\u0142 zakwalifikowany do czerwonej \n<a class=\"moretag\" href=\"https:\/\/ostrowskatv.pl\/?p=13085\"> [...]<\/a>","protected":false},"author":1,"featured_media":13088,"comment_status":"open","ping_status":"closed","sticky":false,"template":"","format":"standard","meta":{"footnotes":""},"categories":[1],"tags":[2],"class_list":["post-13085","post","type-post","status-publish","format-standard","has-post-thumbnail","hentry","category-news","tag-ostrow-wielkopolski"],"_links":{"self":[{"href":"https:\/\/ostrowskatv.pl\/index.php?rest_route=\/wp\/v2\/posts\/13085","targetHints":{"allow":["GET"]}}],"collection":[{"href":"https:\/\/ostrowskatv.pl\/index.php?rest_route=\/wp\/v2\/posts"}],"about":[{"href":"https:\/\/ostrowskatv.pl\/index.php?rest_route=\/wp\/v2\/types\/post"}],"author":[{"embeddable":true,"href":"https:\/\/ostrowskatv.pl\/index.php?rest_route=\/wp\/v2\/users\/1"}],"replies":[{"embeddable":true,"href":"https:\/\/ostrowskatv.pl\/index.php?rest_route=%2Fwp%2Fv2%2Fcomments&post=13085"}],"version-history":[{"count":0,"href":"https:\/\/ostrowskatv.pl\/index.php?rest_route=\/wp\/v2\/posts\/13085\/revisions"}],"wp:featuredmedia":[{"embeddable":true,"href":"https:\/\/ostrowskatv.pl\/index.php?rest_route=\/wp\/v2\/media\/13088"}],"wp:attachment":[{"href":"https:\/\/ostrowskatv.pl\/index.php?rest_route=%2Fwp%2Fv2%2Fmedia&parent=13085"}],"wp:term":[{"taxonomy":"category","embeddable":true,"href":"https:\/\/ostrowskatv.pl\/index.php?rest_route=%2Fwp%2Fv2%2Fcategories&post=13085"},{"taxonomy":"post_tag","embeddable":true,"href":"https:\/\/ostrowskatv.pl\/index.php?rest_route=%2Fwp%2Fv2%2Ftags&post=13085"}],"curies":[{"name":"wp","href":"https:\/\/api.w.org\/{rel}","templated":true}]}}