{"id":13070,"date":"2020-10-14T12:35:43","date_gmt":"2020-10-14T11:35:43","guid":{"rendered":"http:\/\/ostrowska.tv\/?p=13070"},"modified":"2020-10-14T12:38:12","modified_gmt":"2020-10-14T11:38:12","slug":"paduch-zlozyl-zawiadomienie-do-cba-w-sprawie-hali-arena-poznalismy-decyzje","status":"publish","type":"post","link":"https:\/\/ostrowskatv.pl\/?p=13070","title":{"rendered":"Decyzja CBA i Prokuratury w sprawie Hali Arena"},"content":{"rendered":"<p><strong>Blisko miesi\u0105c przed otwarciem hali widowiskowo-sportowej Arena Ostr\u00f3w zorganizowano konferencj\u0119 prasow\u0105, na kt\u00f3rej poinformowano o finale \u015bledztwa prowadzonego przez CBA i prokuratur\u0119<\/strong>. <\/p>\n<p>Dzi\u015b og\u0142oszono fina\u0142 doniesie\u0144 do CBA z\u0142o\u017conych przez radnego Jakuba Paducha, w sprawie przetargu na realizacj\u0119 hali. W 2018 roku radny z\u0142o\u017cy\u0142 doniesienie na prezydent Ostrowa Wielkopolskiego i jej pracownik\u00f3w. Zdaniem Beaty Klimek hala jest jedn\u0105 z najbardziej wyczekiwanych inwestycji z ostatnich 30 lat. <\/p>\n<p>Zarzuty dotyczy\u0142y przetargu wartego ponad 30 milion\u00f3w z\u0142. Radny Paduch zrobi\u0142 to podczas kampanii wyborczej. Paduch nie pofatygowa\u0142 si\u0119 po rzetelne informacje do Urz\u0119du Miejskiego. Postanowi\u0142 za to z\u0142o\u017cy\u0107 zawiadomienie m. in. do CBA.<\/p>\n<p>Wszcz\u0119to post\u0119powanie wyja\u015bniaj\u0105ce trwaj\u0105ce ponad rok. Przes\u0142uchano urz\u0119dnik\u00f3w, innych oferent\u00f3w i cz\u0142onk\u00f3w komisji przetargowej. Post\u0119powanie prowadzi\u0142a prokuratura w Sieradzu. Policja gospodarcza wkroczy\u0142a do urz\u0119du miejskiego. Zdeponowano u niej dokumenty zwi\u0105zane z budow\u0105 hali. <\/p>\n<p>Zarzuty dotyczy\u0142y m. in. niedope\u0142nienia obowi\u0105zk\u00f3w polegaj\u0105cych na celowym zani\u017ceniu warto\u015bci zam\u00f3wienia, tym samym nie przekazuj\u0105c informacji o nim do Unii Europejskiej i ograniczaj\u0105c dost\u0119p oferentom z innych cz\u0119\u015bci kraju. <\/p>\n<p>Prokuratura umorzy\u0142a post\u0119powanie stwierdzaj\u0105c, \u017ce dzia\u0142ania urz\u0119du by\u0142y zgodne z prawem. <\/p>\n<p>Drugi z zarzut\u00f3w dotyczy\u0142 mo\u017cliwo\u015bci ujawnienia informacji poufnych. Prokuratura nie potwierdzi\u0142a r\u00f3wnie\u017c tego zarzutu. <\/p>\n<p>Okoliczno\u015bci nie stanowi\u0142y podstawy do przeprowadzenia kontroli przetargu, poniewa\u017c nie zachodzi\u0142y szczeg\u00f3lne okoliczno\u015bci. <\/p>\n<p>&#8211; Wiele os\u00f3b straci\u0142o czas, ale nie zap\u0142aci za to radny Paduch, tylko podatnicy. Radny Paduch nadu\u017cy\u0142 mandatu donosz\u0105c do CBA i Urz\u0119du Zam\u00f3wie\u0144 Publicznych niezweryfikowanych informacji. By\u0142o to doniesienie na miasto. &#8211; m\u00f3wi\u0142a Beata Klimek, prezydent Ostrowa Wielkopolskiego. <\/p>\n<p>&#8211; Radny Paduch ju\u017c raz zosta\u0142 skazany za pom\u00f3wienie. Jak wida\u0107 niczego si\u0119 nie nauczy\u0142 &#8211; powiedzia\u0142a Beata Klimek. <\/p>\n<p>&#8211; By\u0142y to nieuczciwe dzia\u0142ania w okresie kampanii wyborczej &#8211; doda\u0142a. \u017baden z pi\u0119ciu postawionych zarzut\u00f3w nie potwierdzi\u0142 si\u0119.<\/p>\n","protected":false},"excerpt":{"rendered":"Blisko miesi\u0105c przed otwarciem hali widowiskowo-sportowej Arena Ostr\u00f3w zorganizowano konferencj\u0119 prasow\u0105, na kt\u00f3rej poinformowano o finale \u015bledztwa prowadzonego przez CBA i prokuratur\u0119. Dzi\u015b \n<a class=\"moretag\" href=\"https:\/\/ostrowskatv.pl\/?p=13070\"> [...]<\/a>","protected":false},"author":1,"featured_media":13071,"comment_status":"open","ping_status":"closed","sticky":false,"template":"","format":"standard","meta":{"footnotes":""},"categories":[1],"tags":[2],"class_list":["post-13070","post","type-post","status-publish","format-standard","has-post-thumbnail","hentry","category-news","tag-ostrow-wielkopolski"],"_links":{"self":[{"href":"https:\/\/ostrowskatv.pl\/index.php?rest_route=\/wp\/v2\/posts\/13070","targetHints":{"allow":["GET"]}}],"collection":[{"href":"https:\/\/ostrowskatv.pl\/index.php?rest_route=\/wp\/v2\/posts"}],"about":[{"href":"https:\/\/ostrowskatv.pl\/index.php?rest_route=\/wp\/v2\/types\/post"}],"author":[{"embeddable":true,"href":"https:\/\/ostrowskatv.pl\/index.php?rest_route=\/wp\/v2\/users\/1"}],"replies":[{"embeddable":true,"href":"https:\/\/ostrowskatv.pl\/index.php?rest_route=%2Fwp%2Fv2%2Fcomments&post=13070"}],"version-history":[{"count":0,"href":"https:\/\/ostrowskatv.pl\/index.php?rest_route=\/wp\/v2\/posts\/13070\/revisions"}],"wp:featuredmedia":[{"embeddable":true,"href":"https:\/\/ostrowskatv.pl\/index.php?rest_route=\/wp\/v2\/media\/13071"}],"wp:attachment":[{"href":"https:\/\/ostrowskatv.pl\/index.php?rest_route=%2Fwp%2Fv2%2Fmedia&parent=13070"}],"wp:term":[{"taxonomy":"category","embeddable":true,"href":"https:\/\/ostrowskatv.pl\/index.php?rest_route=%2Fwp%2Fv2%2Fcategories&post=13070"},{"taxonomy":"post_tag","embeddable":true,"href":"https:\/\/ostrowskatv.pl\/index.php?rest_route=%2Fwp%2Fv2%2Ftags&post=13070"}],"curies":[{"name":"wp","href":"https:\/\/api.w.org\/{rel}","templated":true}]}}