{"id":13067,"date":"2020-10-13T13:34:58","date_gmt":"2020-10-13T12:34:58","guid":{"rendered":"http:\/\/ostrowska.tv\/?p=13067"},"modified":"2020-10-13T13:34:58","modified_gmt":"2020-10-13T12:34:58","slug":"koronawirus-w-kolejnych-czterech-szkolach","status":"publish","type":"post","link":"https:\/\/ostrowskatv.pl\/?p=13067","title":{"rendered":"Koronawirus w kolejnych czterech szko\u0142ach"},"content":{"rendered":"<p><strong>P\u00f3\u0142tora miesi\u0105ca temu rozpocz\u0105\u0142 si\u0119 nowy rok szkolny. Tysi\u0105ce uczni\u00f3w chodzi do szk\u00f3\u0142 i wed\u0142ug teorii powinni mie\u0107 zakryte usta i nos. Nie ma jeszcze du\u017cych ognisk zaka\u017ce\u0144 w\u015br\u00f3d uczni\u00f3w i nauczycieli, ale pojedyncze przypadki s\u0105 wykrywane w kolejnych plac\u00f3wkach. <\/strong><\/p>\n<p>1 nauczyciel i 1 ucze\u0144 z zaka\u017ceniem koronawirusa SARS-CoV-2 wykryty w szkole w Rad\u0142owie. <\/p>\n<p>Wczoraj potwierdzono zaka\u017cenie u nauczycielki ze szko\u0142y Salezjanek. <\/p>\n<p>W Zespo\u0142u Szk\u00f3\u0142 Us\u0142ugowych potwierdzono zaka\u017cenia u ucznia. <\/p>\n<p>Kwarantanna r\u00f3wnie\u017c czeka najprawdopodobniej  osoby ze szko\u0142y w Bieganinie z powodu dodatniego wyniku testu na SARS-CoV-2.<\/p>\n","protected":false},"excerpt":{"rendered":"P\u00f3\u0142tora miesi\u0105ca temu rozpocz\u0105\u0142 si\u0119 nowy rok szkolny. Tysi\u0105ce uczni\u00f3w chodzi do szk\u00f3\u0142 i wed\u0142ug teorii powinni mie\u0107 zakryte usta i nos. Nie \n<a class=\"moretag\" href=\"https:\/\/ostrowskatv.pl\/?p=13067\"> [...]<\/a>","protected":false},"author":1,"featured_media":11630,"comment_status":"open","ping_status":"closed","sticky":false,"template":"","format":"standard","meta":{"footnotes":""},"categories":[1],"tags":[195],"class_list":["post-13067","post","type-post","status-publish","format-standard","has-post-thumbnail","hentry","category-news","tag-koronawirus"],"_links":{"self":[{"href":"https:\/\/ostrowskatv.pl\/index.php?rest_route=\/wp\/v2\/posts\/13067","targetHints":{"allow":["GET"]}}],"collection":[{"href":"https:\/\/ostrowskatv.pl\/index.php?rest_route=\/wp\/v2\/posts"}],"about":[{"href":"https:\/\/ostrowskatv.pl\/index.php?rest_route=\/wp\/v2\/types\/post"}],"author":[{"embeddable":true,"href":"https:\/\/ostrowskatv.pl\/index.php?rest_route=\/wp\/v2\/users\/1"}],"replies":[{"embeddable":true,"href":"https:\/\/ostrowskatv.pl\/index.php?rest_route=%2Fwp%2Fv2%2Fcomments&post=13067"}],"version-history":[{"count":0,"href":"https:\/\/ostrowskatv.pl\/index.php?rest_route=\/wp\/v2\/posts\/13067\/revisions"}],"wp:featuredmedia":[{"embeddable":true,"href":"https:\/\/ostrowskatv.pl\/index.php?rest_route=\/wp\/v2\/media\/11630"}],"wp:attachment":[{"href":"https:\/\/ostrowskatv.pl\/index.php?rest_route=%2Fwp%2Fv2%2Fmedia&parent=13067"}],"wp:term":[{"taxonomy":"category","embeddable":true,"href":"https:\/\/ostrowskatv.pl\/index.php?rest_route=%2Fwp%2Fv2%2Fcategories&post=13067"},{"taxonomy":"post_tag","embeddable":true,"href":"https:\/\/ostrowskatv.pl\/index.php?rest_route=%2Fwp%2Fv2%2Ftags&post=13067"}],"curies":[{"name":"wp","href":"https:\/\/api.w.org\/{rel}","templated":true}]}}