{"id":12963,"date":"2020-10-06T19:21:47","date_gmt":"2020-10-06T18:21:47","guid":{"rendered":"http:\/\/ostrowska.tv\/?p=12963"},"modified":"2020-10-06T19:21:47","modified_gmt":"2020-10-06T18:21:47","slug":"kolo-stacji-paliw-znaleziono-zwloki","status":"publish","type":"post","link":"https:\/\/ostrowskatv.pl\/?p=12963","title":{"rendered":"Ko\u0142o stacji paliw znaleziono zw\u0142oki"},"content":{"rendered":"<p><strong>We wtorkowe przedpo\u0142udnie znaleziono zw\u0142oki le\u017c\u0105ce nieopodal stacji paliw w Przygodzicach. Cia\u0142o le\u017ca\u0142o przy drzewku rosn\u0105cym na terenie przylegaj\u0105cym do ty\u0142u stacji.\u00a0<\/strong><\/p>\n<p>\u015aledczy przyj\u0119li wst\u0119pn\u0105 wersj\u0119, \u017ce m\u0119\u017cczyzna pope\u0142ni\u0142 samob\u00f3jstwo poprzez powieszenie si\u0119. Nieoficjalnie ustalili\u015bmy, \u017ce przed \u015bmierci\u0105 m\u00f3g\u0142 by\u0107 obj\u0119ty kwarantann\u0105, dlatego pracownicy firmy pogrzebowej ubrali specjalne uniformy.<\/p>\n<div id='gallery-1' class='gallery galleryid-12963 gallery-columns-3 gallery-size-thumbnail'><figure class='gallery-item'>\n\t\t\t<div class='gallery-icon landscape'>\n\t\t\t\t<a href='https:\/\/ostrowskatv.pl\/?attachment_id=12962'><img loading=\"lazy\" decoding=\"async\" width=\"150\" height=\"150\" src=\"https:\/\/ostrowskatv.pl\/wp-content\/uploads\/2020\/10\/IMG_20201006_143700-01-150x150.jpeg\" class=\"attachment-thumbnail size-thumbnail\" alt=\"\" \/><\/a>\n\t\t\t<\/div><\/figure><figure class='gallery-item'>\n\t\t\t<div class='gallery-icon landscape'>\n\t\t\t\t<a href='https:\/\/ostrowskatv.pl\/?attachment_id=12961'><img loading=\"lazy\" decoding=\"async\" width=\"150\" height=\"150\" src=\"https:\/\/ostrowskatv.pl\/wp-content\/uploads\/2020\/10\/IMG_20201006_1411572-01-150x150.jpeg\" class=\"attachment-thumbnail size-thumbnail\" alt=\"\" \/><\/a>\n\t\t\t<\/div><\/figure><figure class='gallery-item'>\n\t\t\t<div class='gallery-icon landscape'>\n\t\t\t\t<a href='https:\/\/ostrowskatv.pl\/?attachment_id=12960'><img loading=\"lazy\" decoding=\"async\" width=\"150\" height=\"150\" src=\"https:\/\/ostrowskatv.pl\/wp-content\/uploads\/2020\/10\/IMG_20201006_144133-01-150x150.jpeg\" class=\"attachment-thumbnail size-thumbnail\" alt=\"\" \/><\/a>\n\t\t\t<\/div><\/figure><figure class='gallery-item'>\n\t\t\t<div class='gallery-icon landscape'>\n\t\t\t\t<a href='https:\/\/ostrowskatv.pl\/?attachment_id=12959'><img loading=\"lazy\" decoding=\"async\" width=\"150\" height=\"150\" src=\"https:\/\/ostrowskatv.pl\/wp-content\/uploads\/2020\/10\/IMG_20201006_1435303-01-150x150.jpeg\" class=\"attachment-thumbnail size-thumbnail\" alt=\"\" \/><\/a>\n\t\t\t<\/div><\/figure>\n\t\t<\/div>\n\n","protected":false},"excerpt":{"rendered":"We wtorkowe przedpo\u0142udnie znaleziono zw\u0142oki le\u017c\u0105ce nieopodal stacji paliw w Przygodzicach. Cia\u0142o le\u017ca\u0142o przy drzewku rosn\u0105cym na terenie przylegaj\u0105cym do ty\u0142u stacji.\u00a0 \u015aledczy \n<a class=\"moretag\" href=\"https:\/\/ostrowskatv.pl\/?p=12963\"> [...]<\/a>","protected":false},"author":1,"featured_media":12959,"comment_status":"open","ping_status":"closed","sticky":false,"template":"","format":"standard","meta":{"footnotes":""},"categories":[1],"tags":[27],"class_list":["post-12963","post","type-post","status-publish","format-standard","has-post-thumbnail","hentry","category-news","tag-przygodzice"],"_links":{"self":[{"href":"https:\/\/ostrowskatv.pl\/index.php?rest_route=\/wp\/v2\/posts\/12963","targetHints":{"allow":["GET"]}}],"collection":[{"href":"https:\/\/ostrowskatv.pl\/index.php?rest_route=\/wp\/v2\/posts"}],"about":[{"href":"https:\/\/ostrowskatv.pl\/index.php?rest_route=\/wp\/v2\/types\/post"}],"author":[{"embeddable":true,"href":"https:\/\/ostrowskatv.pl\/index.php?rest_route=\/wp\/v2\/users\/1"}],"replies":[{"embeddable":true,"href":"https:\/\/ostrowskatv.pl\/index.php?rest_route=%2Fwp%2Fv2%2Fcomments&post=12963"}],"version-history":[{"count":0,"href":"https:\/\/ostrowskatv.pl\/index.php?rest_route=\/wp\/v2\/posts\/12963\/revisions"}],"wp:featuredmedia":[{"embeddable":true,"href":"https:\/\/ostrowskatv.pl\/index.php?rest_route=\/wp\/v2\/media\/12959"}],"wp:attachment":[{"href":"https:\/\/ostrowskatv.pl\/index.php?rest_route=%2Fwp%2Fv2%2Fmedia&parent=12963"}],"wp:term":[{"taxonomy":"category","embeddable":true,"href":"https:\/\/ostrowskatv.pl\/index.php?rest_route=%2Fwp%2Fv2%2Fcategories&post=12963"},{"taxonomy":"post_tag","embeddable":true,"href":"https:\/\/ostrowskatv.pl\/index.php?rest_route=%2Fwp%2Fv2%2Ftags&post=12963"}],"curies":[{"name":"wp","href":"https:\/\/api.w.org\/{rel}","templated":true}]}}