{"id":12952,"date":"2020-10-06T16:01:20","date_gmt":"2020-10-06T15:01:20","guid":{"rendered":"http:\/\/ostrowska.tv\/?p=12952"},"modified":"2020-10-06T16:02:51","modified_gmt":"2020-10-06T15:02:51","slug":"zabrali-kontenery-w-srodku-epidemii","status":"publish","type":"post","link":"https:\/\/ostrowskatv.pl\/?p=12952","title":{"rendered":"Zabrali kontenery w \u015brodku pandemii"},"content":{"rendered":"<p><strong>Najpierw w blasku fleszy i kamer stawiano eleganckie kontenery, kt\u00f3re &#8222;za\u0142atwi\u0142&#8221; wojewoda wielkopolski \u0141ukasz Miko\u0142ajczyk. Teraz po kilku miesi\u0105cach kontenery zosta\u0142y zabrane spod wszystkich szpitali w regionie, bo zdaniem Wojsk Obrony Terytorialnej bardziej przydadz\u0105 si\u0119 przy dzia\u0142alno\u015bci szkoleniowej i rekrutacyjnej. To kontrowersyjne zabranie nast\u0105pi\u0142o w czasie, gdy statystyki zwi\u0105zane z pandemi\u0105 rosn\u0105 w zastraszaj\u0105cym tempie, a najgorsze wydaje si\u0119 by\u0107 dopiero przed nami.<\/strong><\/p>\n<p>Kierownictwo szpitali jest zdegustowane, poniewa\u017c teraz musz\u0105 p\u0142aci\u0107 za wynajem kontener\u00f3w w komercyjnej firmy ponad 10 tysi\u0119cy z\u0142 na miesi\u0105c. Inny ze szpitalu postanowi\u0142 zakupi\u0107 namioty z nagrzewnicami. Te pieni\u0105dze mo\u017cna by lepiej spo\u017cytkowa\u0107, zw\u0142aszcza w tych trudnych czasach. Wydaje si\u0119, \u017ce kto\u015b nie przemy\u015bla\u0142 zbytnio jak wa\u017cna by\u0142a wst\u0119pna segregacja pacjent\u00f3w bez nara\u017cania tak istotnego oddzia\u0142u jak Szpitalny Oddzia\u0142 Ratunkowy.<\/p>\n","protected":false},"excerpt":{"rendered":"Najpierw w blasku fleszy i kamer stawiano eleganckie kontenery, kt\u00f3re &#8222;za\u0142atwi\u0142&#8221; wojewoda wielkopolski \u0141ukasz Miko\u0142ajczyk. Teraz po kilku miesi\u0105cach kontenery zosta\u0142y zabrane spod \n<a class=\"moretag\" href=\"https:\/\/ostrowskatv.pl\/?p=12952\"> [...]<\/a>","protected":false},"author":1,"featured_media":12954,"comment_status":"open","ping_status":"closed","sticky":false,"template":"","format":"standard","meta":{"footnotes":""},"categories":[1],"tags":[195],"class_list":["post-12952","post","type-post","status-publish","format-standard","has-post-thumbnail","hentry","category-news","tag-koronawirus"],"_links":{"self":[{"href":"https:\/\/ostrowskatv.pl\/index.php?rest_route=\/wp\/v2\/posts\/12952","targetHints":{"allow":["GET"]}}],"collection":[{"href":"https:\/\/ostrowskatv.pl\/index.php?rest_route=\/wp\/v2\/posts"}],"about":[{"href":"https:\/\/ostrowskatv.pl\/index.php?rest_route=\/wp\/v2\/types\/post"}],"author":[{"embeddable":true,"href":"https:\/\/ostrowskatv.pl\/index.php?rest_route=\/wp\/v2\/users\/1"}],"replies":[{"embeddable":true,"href":"https:\/\/ostrowskatv.pl\/index.php?rest_route=%2Fwp%2Fv2%2Fcomments&post=12952"}],"version-history":[{"count":0,"href":"https:\/\/ostrowskatv.pl\/index.php?rest_route=\/wp\/v2\/posts\/12952\/revisions"}],"wp:featuredmedia":[{"embeddable":true,"href":"https:\/\/ostrowskatv.pl\/index.php?rest_route=\/wp\/v2\/media\/12954"}],"wp:attachment":[{"href":"https:\/\/ostrowskatv.pl\/index.php?rest_route=%2Fwp%2Fv2%2Fmedia&parent=12952"}],"wp:term":[{"taxonomy":"category","embeddable":true,"href":"https:\/\/ostrowskatv.pl\/index.php?rest_route=%2Fwp%2Fv2%2Fcategories&post=12952"},{"taxonomy":"post_tag","embeddable":true,"href":"https:\/\/ostrowskatv.pl\/index.php?rest_route=%2Fwp%2Fv2%2Ftags&post=12952"}],"curies":[{"name":"wp","href":"https:\/\/api.w.org\/{rel}","templated":true}]}}