{"id":12949,"date":"2020-10-04T19:44:28","date_gmt":"2020-10-04T18:44:28","guid":{"rendered":"http:\/\/ostrowska.tv\/?p=12949"},"modified":"2020-10-04T19:44:28","modified_gmt":"2020-10-04T18:44:28","slug":"poteznie-zderzenie-obok-galerii-opel-przewrocil-navare","status":"publish","type":"post","link":"https:\/\/ostrowskatv.pl\/?p=12949","title":{"rendered":"Pot\u0119\u017cnie zderzenie obok galerii. Opel przewr\u00f3ci\u0142 Navar\u0119"},"content":{"rendered":"<p><strong>M\u0142ody kierowca Opla Corsy przejecha\u0142 &#8222;na p\u00f3\u017anym \u017c\u00f3\u0142tym&#8221; przez co doprowadzi\u0142 do wypadku z Nissanem. Trzy osoby zosta\u0142y przewiezione do szpitala.<\/strong><\/p>\n<p>M\u0142ody kierowca Opla Corsy jecha\u0142 od strony Kalisza. Postanowi\u0142 przejecha\u0107 przez\u00a0 skrzy\u017cowanie ko\u0142o galerii Ostrovia na &#8222;p\u00f3\u017anym \u017c\u00f3\u0142tym&#8221; \u015bwietle. Tymczasem od strony ulicy Grunwaldzkiej na skrzy\u017cowanie wjecha\u0142 Nissan Navara kierowany przez m\u0119\u017cczyzn\u0119 w \u015brednim wieku. Opel uderzy\u0142 z impetem w bok Nissana. Ten, cho\u0107 ci\u0119\u017cszy, przewr\u00f3ci\u0142 si\u0119 na bok.<\/p>\n<p>\u015awiadkowie pomogli kierowcy Nissana wydosta\u0107 si\u0119 z wn\u0119trza auta. Pasa\u017cera z Opla przewieziono na noszach do karetki, a sprawca wypadku doszed\u0142 do niej o w\u0142asnych si\u0142ach.<\/p>\n<div id='gallery-1' class='gallery galleryid-12949 gallery-columns-3 gallery-size-thumbnail'><figure class='gallery-item'>\n\t\t\t<div class='gallery-icon landscape'>\n\t\t\t\t<a href='https:\/\/ostrowskatv.pl\/?attachment_id=12948'><img loading=\"lazy\" decoding=\"async\" width=\"150\" height=\"150\" src=\"https:\/\/ostrowskatv.pl\/wp-content\/uploads\/2020\/10\/IMG_20201004_194509-01-150x150.jpeg\" class=\"attachment-thumbnail size-thumbnail\" alt=\"\" \/><\/a>\n\t\t\t<\/div><\/figure><figure class='gallery-item'>\n\t\t\t<div class='gallery-icon landscape'>\n\t\t\t\t<a href='https:\/\/ostrowskatv.pl\/?attachment_id=12947'><img loading=\"lazy\" decoding=\"async\" width=\"150\" height=\"150\" src=\"https:\/\/ostrowskatv.pl\/wp-content\/uploads\/2020\/10\/IMG_20201004_194538-01-150x150.jpeg\" class=\"attachment-thumbnail size-thumbnail\" alt=\"\" \/><\/a>\n\t\t\t<\/div><\/figure><figure class='gallery-item'>\n\t\t\t<div class='gallery-icon landscape'>\n\t\t\t\t<a href='https:\/\/ostrowskatv.pl\/?attachment_id=12946'><img loading=\"lazy\" decoding=\"async\" width=\"150\" height=\"150\" src=\"https:\/\/ostrowskatv.pl\/wp-content\/uploads\/2020\/10\/IMG_20201004_194829-01-150x150.jpeg\" class=\"attachment-thumbnail size-thumbnail\" alt=\"\" \/><\/a>\n\t\t\t<\/div><\/figure><figure class='gallery-item'>\n\t\t\t<div class='gallery-icon landscape'>\n\t\t\t\t<a href='https:\/\/ostrowskatv.pl\/?attachment_id=12945'><img loading=\"lazy\" decoding=\"async\" width=\"150\" height=\"150\" src=\"https:\/\/ostrowskatv.pl\/wp-content\/uploads\/2020\/10\/IMG_20201004_194818-01-150x150.jpeg\" class=\"attachment-thumbnail size-thumbnail\" alt=\"\" \/><\/a>\n\t\t\t<\/div><\/figure><figure class='gallery-item'>\n\t\t\t<div class='gallery-icon landscape'>\n\t\t\t\t<a href='https:\/\/ostrowskatv.pl\/?attachment_id=12944'><img loading=\"lazy\" decoding=\"async\" width=\"150\" height=\"150\" src=\"https:\/\/ostrowskatv.pl\/wp-content\/uploads\/2020\/10\/IMG_20201004_194807-01-150x150.jpeg\" class=\"attachment-thumbnail size-thumbnail\" alt=\"\" \/><\/a>\n\t\t\t<\/div><\/figure><figure class='gallery-item'>\n\t\t\t<div class='gallery-icon landscape'>\n\t\t\t\t<a href='https:\/\/ostrowskatv.pl\/?attachment_id=12943'><img loading=\"lazy\" decoding=\"async\" width=\"150\" height=\"150\" src=\"https:\/\/ostrowskatv.pl\/wp-content\/uploads\/2020\/10\/IMG_20201004_194734-01-150x150.jpeg\" class=\"attachment-thumbnail size-thumbnail\" alt=\"\" \/><\/a>\n\t\t\t<\/div><\/figure><figure class='gallery-item'>\n\t\t\t<div class='gallery-icon landscape'>\n\t\t\t\t<a href='https:\/\/ostrowskatv.pl\/?attachment_id=12942'><img loading=\"lazy\" decoding=\"async\" width=\"150\" height=\"150\" src=\"https:\/\/ostrowskatv.pl\/wp-content\/uploads\/2020\/10\/IMG_20201004_194456-01-150x150.jpeg\" class=\"attachment-thumbnail size-thumbnail\" alt=\"\" \/><\/a>\n\t\t\t<\/div><\/figure>\n\t\t<\/div>\n\n","protected":false},"excerpt":{"rendered":"M\u0142ody kierowca Opla Corsy przejecha\u0142 &#8222;na p\u00f3\u017anym \u017c\u00f3\u0142tym&#8221; przez co doprowadzi\u0142 do wypadku z Nissanem. Trzy osoby zosta\u0142y przewiezione do szpitala. M\u0142ody kierowca \n<a class=\"moretag\" href=\"https:\/\/ostrowskatv.pl\/?p=12949\"> [...]<\/a>","protected":false},"author":1,"featured_media":12946,"comment_status":"open","ping_status":"closed","sticky":false,"template":"","format":"standard","meta":{"footnotes":""},"categories":[1],"tags":[2],"class_list":["post-12949","post","type-post","status-publish","format-standard","has-post-thumbnail","hentry","category-news","tag-ostrow-wielkopolski"],"_links":{"self":[{"href":"https:\/\/ostrowskatv.pl\/index.php?rest_route=\/wp\/v2\/posts\/12949","targetHints":{"allow":["GET"]}}],"collection":[{"href":"https:\/\/ostrowskatv.pl\/index.php?rest_route=\/wp\/v2\/posts"}],"about":[{"href":"https:\/\/ostrowskatv.pl\/index.php?rest_route=\/wp\/v2\/types\/post"}],"author":[{"embeddable":true,"href":"https:\/\/ostrowskatv.pl\/index.php?rest_route=\/wp\/v2\/users\/1"}],"replies":[{"embeddable":true,"href":"https:\/\/ostrowskatv.pl\/index.php?rest_route=%2Fwp%2Fv2%2Fcomments&post=12949"}],"version-history":[{"count":0,"href":"https:\/\/ostrowskatv.pl\/index.php?rest_route=\/wp\/v2\/posts\/12949\/revisions"}],"wp:featuredmedia":[{"embeddable":true,"href":"https:\/\/ostrowskatv.pl\/index.php?rest_route=\/wp\/v2\/media\/12946"}],"wp:attachment":[{"href":"https:\/\/ostrowskatv.pl\/index.php?rest_route=%2Fwp%2Fv2%2Fmedia&parent=12949"}],"wp:term":[{"taxonomy":"category","embeddable":true,"href":"https:\/\/ostrowskatv.pl\/index.php?rest_route=%2Fwp%2Fv2%2Fcategories&post=12949"},{"taxonomy":"post_tag","embeddable":true,"href":"https:\/\/ostrowskatv.pl\/index.php?rest_route=%2Fwp%2Fv2%2Ftags&post=12949"}],"curies":[{"name":"wp","href":"https:\/\/api.w.org\/{rel}","templated":true}]}}