{"id":12924,"date":"2020-10-02T13:50:32","date_gmt":"2020-10-02T12:50:32","guid":{"rendered":"http:\/\/ostrowska.tv\/?p=12924"},"modified":"2020-10-02T13:50:32","modified_gmt":"2020-10-02T12:50:32","slug":"radny-miejski-i-dziennikarz-z-koronawirusem","status":"publish","type":"post","link":"https:\/\/ostrowskatv.pl\/?p=12924","title":{"rendered":"Radny miejski i dziennikarz z koronawirusem"},"content":{"rendered":"<p><strong>Lokalny dziennikarz i jeden z miejskich radnych zostali zaka\u017ceni koronawirusem SARS-CoV-2. Ich przypadki prawdopodobnie maj\u0105 zwi\u0105zek z ogniskiem, kt\u00f3re pojawi\u0142o si\u0119 w Urz\u0119dzie Gminy Ostr\u00f3w Wielkopolski. Z naszych informacji wynika, \u017ce dziennikarz mia\u0142 kontakt z w\/w urz\u0119dem. Obaj czuj\u0105 si\u0119 dobrze. Obecnie w Urz\u0119dzie Gminy Ostr\u00f3w Wielkopolski jest zaka\u017conych 5 os\u00f3b.<\/strong><\/p>\n","protected":false},"excerpt":{"rendered":"Lokalny dziennikarz i jeden z miejskich radnych zostali zaka\u017ceni koronawirusem SARS-CoV-2. Ich przypadki prawdopodobnie maj\u0105 zwi\u0105zek z ogniskiem, kt\u00f3re pojawi\u0142o si\u0119 w Urz\u0119dzie \n<a class=\"moretag\" href=\"https:\/\/ostrowskatv.pl\/?p=12924\"> [...]<\/a>","protected":false},"author":1,"featured_media":11630,"comment_status":"open","ping_status":"closed","sticky":false,"template":"","format":"standard","meta":{"footnotes":""},"categories":[1],"tags":[2],"class_list":["post-12924","post","type-post","status-publish","format-standard","has-post-thumbnail","hentry","category-news","tag-ostrow-wielkopolski"],"_links":{"self":[{"href":"https:\/\/ostrowskatv.pl\/index.php?rest_route=\/wp\/v2\/posts\/12924","targetHints":{"allow":["GET"]}}],"collection":[{"href":"https:\/\/ostrowskatv.pl\/index.php?rest_route=\/wp\/v2\/posts"}],"about":[{"href":"https:\/\/ostrowskatv.pl\/index.php?rest_route=\/wp\/v2\/types\/post"}],"author":[{"embeddable":true,"href":"https:\/\/ostrowskatv.pl\/index.php?rest_route=\/wp\/v2\/users\/1"}],"replies":[{"embeddable":true,"href":"https:\/\/ostrowskatv.pl\/index.php?rest_route=%2Fwp%2Fv2%2Fcomments&post=12924"}],"version-history":[{"count":0,"href":"https:\/\/ostrowskatv.pl\/index.php?rest_route=\/wp\/v2\/posts\/12924\/revisions"}],"wp:featuredmedia":[{"embeddable":true,"href":"https:\/\/ostrowskatv.pl\/index.php?rest_route=\/wp\/v2\/media\/11630"}],"wp:attachment":[{"href":"https:\/\/ostrowskatv.pl\/index.php?rest_route=%2Fwp%2Fv2%2Fmedia&parent=12924"}],"wp:term":[{"taxonomy":"category","embeddable":true,"href":"https:\/\/ostrowskatv.pl\/index.php?rest_route=%2Fwp%2Fv2%2Fcategories&post=12924"},{"taxonomy":"post_tag","embeddable":true,"href":"https:\/\/ostrowskatv.pl\/index.php?rest_route=%2Fwp%2Fv2%2Ftags&post=12924"}],"curies":[{"name":"wp","href":"https:\/\/api.w.org\/{rel}","templated":true}]}}