{"id":12919,"date":"2020-09-30T14:38:04","date_gmt":"2020-09-30T13:38:04","guid":{"rendered":"http:\/\/ostrowska.tv\/?p=12919"},"modified":"2020-09-30T14:48:57","modified_gmt":"2020-09-30T13:48:57","slug":"wojt-chce-byc-jak-bestia","status":"publish","type":"post","link":"https:\/\/ostrowskatv.pl\/?p=12919","title":{"rendered":"W\u00f3jt: chc\u0119 by\u0107 jak &#8222;BESTIA&#8221;"},"content":{"rendered":"<p><em>W\u00f3jt gminy \u017belazk\u00f3w nie daje o sobie zapomnie\u0107. Wczoraj uczestniczy\u0142 w lokalnej Sesji Rady Gminy, gdzie wda\u0142 si\u0119 w polemik\u0119 z radnymi, kt\u00f3rzy nie s\u0105 mu przychylni. To co jednak zwr\u00f3ci\u0142o uwag\u0119 to malunek, kt\u00f3ry przyozdabia\u0142 cz\u0119\u015b\u0107 jego twarzy.<\/em><\/p>\n<p>Okazuje si\u0119, \u017ce Sylwiusz Jakubowski jest wielkim fanem ameryka\u0144skiego boksera Mike&#8217;a Tysona i podobnie jak on chcia\u0142by zosta\u0107 &#8222;besti\u0105&#8221;. Ludzie maj\u0105 si\u0119 go s\u0142ucha\u0107, a &#8222;jak kto\u015b stanie na drodze to go zmiecie jak tir.&#8221;<\/p>\n<p>W\u00f3jt \u017belazkowa by\u0142 na walce Mike&#8217;a Tysona z Andrzejem Go\u0142ot\u0105. Jakubowski ubolewa, \u017ce nie zd\u0105\u017cy\u0142 w\u00f3wczas wypi\u0107 drinka z jednym z kaliskich deweloper\u00f3w, a Go\u0142ota ju\u017c uciek\u0142. <\/p>\n<p>Kaliska policja wy\u0142\u0105cza si\u0119 od prowadzenia spraw w\u00f3jta Jakubowskiego, bo ich sponsoruje. Dlatego W\u00f3jt musi je\u017adzi\u0107 na ostrowsk\u0105 komend\u0119. <\/p>\n<p>Z trunk\u00f3w W\u00f3jt uwielbia gorzk\u0105 zolodkowa<\/p>\n<div id='gallery-1' class='gallery galleryid-12919 gallery-columns-3 gallery-size-thumbnail'><figure class='gallery-item'>\n\t\t\t<div class='gallery-icon landscape'>\n\t\t\t\t<a href='https:\/\/ostrowskatv.pl\/?attachment_id=12918'><img loading=\"lazy\" decoding=\"async\" width=\"150\" height=\"150\" src=\"https:\/\/ostrowskatv.pl\/wp-content\/uploads\/2020\/09\/2020-09-30_15-12-20-443-01-150x150.jpeg\" class=\"attachment-thumbnail size-thumbnail\" alt=\"\" \/><\/a>\n\t\t\t<\/div><\/figure><figure class='gallery-item'>\n\t\t\t<div class='gallery-icon landscape'>\n\t\t\t\t<a href='https:\/\/ostrowskatv.pl\/?attachment_id=12917'><img loading=\"lazy\" decoding=\"async\" width=\"150\" height=\"150\" src=\"https:\/\/ostrowskatv.pl\/wp-content\/uploads\/2020\/09\/IMG_20200930_144529-01-150x150.jpeg\" class=\"attachment-thumbnail size-thumbnail\" alt=\"\" \/><\/a>\n\t\t\t<\/div><\/figure><figure class='gallery-item'>\n\t\t\t<div class='gallery-icon landscape'>\n\t\t\t\t<a href='https:\/\/ostrowskatv.pl\/?attachment_id=12916'><img loading=\"lazy\" decoding=\"async\" width=\"150\" height=\"150\" src=\"https:\/\/ostrowskatv.pl\/wp-content\/uploads\/2020\/09\/IMG_20200930_144517-01-01-150x150.jpeg\" class=\"attachment-thumbnail size-thumbnail\" alt=\"\" \/><\/a>\n\t\t\t<\/div><\/figure><figure class='gallery-item'>\n\t\t\t<div class='gallery-icon landscape'>\n\t\t\t\t<a href='https:\/\/ostrowskatv.pl\/?attachment_id=12915'><img loading=\"lazy\" decoding=\"async\" width=\"150\" height=\"150\" src=\"https:\/\/ostrowskatv.pl\/wp-content\/uploads\/2020\/09\/IMG_20200930_142039-01-150x150.jpeg\" class=\"attachment-thumbnail size-thumbnail\" alt=\"\" \/><\/a>\n\t\t\t<\/div><\/figure><figure class='gallery-item'>\n\t\t\t<div class='gallery-icon landscape'>\n\t\t\t\t<a href='https:\/\/ostrowskatv.pl\/?attachment_id=12914'><img loading=\"lazy\" decoding=\"async\" width=\"150\" height=\"150\" src=\"https:\/\/ostrowskatv.pl\/wp-content\/uploads\/2020\/09\/IMG_20200930_142018-01-150x150.jpeg\" class=\"attachment-thumbnail size-thumbnail\" alt=\"\" \/><\/a>\n\t\t\t<\/div><\/figure><figure class='gallery-item'>\n\t\t\t<div class='gallery-icon portrait'>\n\t\t\t\t<a href='https:\/\/ostrowskatv.pl\/?attachment_id=12913'><img loading=\"lazy\" decoding=\"async\" width=\"150\" height=\"150\" src=\"https:\/\/ostrowskatv.pl\/wp-content\/uploads\/2020\/09\/IMG_20200930_142010-01-150x150.jpeg\" class=\"attachment-thumbnail size-thumbnail\" alt=\"\" \/><\/a>\n\t\t\t<\/div><\/figure>\n\t\t<\/div>\n\n<p>W\u00f3jt vel. &#8222;BESTIA&#8221; Jakubowski chodzi w usztywniaczu szyi. To pok\u0142osie &#8222;spotkania ze s\u0142upem&#8221; w po\u0142owie czerwca. Jak sam przekonuje nie by\u0142a to kolizja, poniewa\u017c S\u0105d ukara\u0142 go 500 z\u0142 mandatem za nadmiern\u0105 pr\u0119dko\u015b\u0107, a nie za kolizj\u0119, cho\u0107 kierowany przez niego mercedes wypad\u0142 z drogi.<\/p>\n<p>&#8222;Kiedy\u015b z kumplem sobie powiedzieli\u015bmy, \u017ce idziemy do piek\u0142a, bo przynajmniej tam co\u015b si\u0119 dzieje, a tam (w niebie &#8211; red.) co b\u0119dziemy tylko \u015bpiewa\u0107? (\u015bmiech) Idziemy do piek\u0142a, bo tam nas w kotle wysma\u017c\u0105.&#8221; &#8211; wyzna\u0142. Sylwiusz Jakubowski. <\/p>\n<p>Na wczorajszej Sesji dosz\u0142o do wymiany zda\u0144 pomi\u0119dzy W\u00f3jtem, a jednym z radnych:<\/p>\n<p><strong>W\u00f3jt<\/strong>: Na koniec powiedzia\u0142, \u017ce ma dla wszystkich radnych bardzo wa\u017cn\u0105 wiadomo\u015b\u0107. &#8222;Mamy bardzo dobr\u0105 sytuacj\u0119 finansow\u0105. Bardzo dobr\u0105. Nie powiem ile milion\u00f3w, ale jest. Musicie zmieni\u0107 swoje podej\u015bcie. Je\u015bli nie macie do mnie zaufania. Podj\u0119li\u015bcie tak\u0105 uchwa\u0142\u0119. Wszyscy. Dali\u015bcie mi votus niezaufania. Ja nie dam ani z\u0142ot\u00f3wki, a tylko ja mog\u0119 to zrobi\u0107. Nikt mnie do tego nie zmusi. Albo si\u0119 ugniecie i zaczniecie z w\u00f3jtem wsp\u00f3\u0142pracowa\u0107&#8230; albo c&#8217;est la vie (to jest \u017cycie). Koniec kropka.<\/p>\n<p><strong>Radny<\/strong>: To jest szanta\u017c. &#8211; powiedzia\u0142 jeden z radnych.<\/p>\n<p>W: Powiedzia\u0142em! To niech pan zap\u0142aci wszystkim &#8230; jak tu jest. Takie jest prawo. Takie jest prawo. C&#8217;est la vie.<\/p>\n<p>R: Czyli to nam ma si\u0119 wszystko musi spodoba\u0107 co w\u00f3jt powie?<\/p>\n<p>W: Ja chc\u0119 z wami rozmawia\u0107.<\/p>\n<p>R: Ale to kiedy mo\u017cemy usi\u0105\u015b\u0107 i porozmawia\u0107?<\/p>\n<p>W: Mo\u017cemy za chwil\u0119.<\/p>\n<p>R: Dzisiaj raczej bym to prze\u0142o\u017cy\u0142 <\/p>\n<p>W: Mo\u017cemy jutro, pojutrze. Mamy bardzo dobr\u0105 sytuacj\u0119 finansow\u0105. Mo\u017cemy wiele rzeczy jeszcze zrobi\u0107&#8230;. opr\u00f3cz tych, kt\u00f3re ja b\u0119d\u0119 robi\u0142. Ale ka\u017cdy z Was ma to co chcia\u0142by zrobi\u0107. I mam na to pieni\u0105dze. Ale trzeba usi\u0105\u015b\u0107 i rozmawia\u0107. A nie da\u0107 votum zauf&#8230; niezaufania. Nie popuszcz\u0119 tego! Albo si\u0119 ugniecie albo nie.<\/p>\n<p>R: Jaki\u015b pow\u00f3d mieli\u015bmy panie w\u00f3jcie.<\/p>\n<p>W: Okej, okej. Ka\u017cdy ma jaki\u015b pow\u00f3d. <\/p>\n<p>R: Gmina na tym straci.<\/p>\n<p>W: Nie straci, bo pieni\u0105dze s\u0105 na lokacie.<\/p>\n","protected":false},"excerpt":{"rendered":"W\u00f3jt gminy \u017belazk\u00f3w nie daje o sobie zapomnie\u0107. Wczoraj uczestniczy\u0142 w lokalnej Sesji Rady Gminy, gdzie wda\u0142 si\u0119 w polemik\u0119 z radnymi, kt\u00f3rzy \n<a class=\"moretag\" href=\"https:\/\/ostrowskatv.pl\/?p=12919\"> [...]<\/a>","protected":false},"author":1,"featured_media":12918,"comment_status":"open","ping_status":"closed","sticky":false,"template":"","format":"standard","meta":{"footnotes":""},"categories":[1],"tags":[24],"class_list":["post-12919","post","type-post","status-publish","format-standard","has-post-thumbnail","hentry","category-news","tag-polityka"],"_links":{"self":[{"href":"https:\/\/ostrowskatv.pl\/index.php?rest_route=\/wp\/v2\/posts\/12919","targetHints":{"allow":["GET"]}}],"collection":[{"href":"https:\/\/ostrowskatv.pl\/index.php?rest_route=\/wp\/v2\/posts"}],"about":[{"href":"https:\/\/ostrowskatv.pl\/index.php?rest_route=\/wp\/v2\/types\/post"}],"author":[{"embeddable":true,"href":"https:\/\/ostrowskatv.pl\/index.php?rest_route=\/wp\/v2\/users\/1"}],"replies":[{"embeddable":true,"href":"https:\/\/ostrowskatv.pl\/index.php?rest_route=%2Fwp%2Fv2%2Fcomments&post=12919"}],"version-history":[{"count":0,"href":"https:\/\/ostrowskatv.pl\/index.php?rest_route=\/wp\/v2\/posts\/12919\/revisions"}],"wp:featuredmedia":[{"embeddable":true,"href":"https:\/\/ostrowskatv.pl\/index.php?rest_route=\/wp\/v2\/media\/12918"}],"wp:attachment":[{"href":"https:\/\/ostrowskatv.pl\/index.php?rest_route=%2Fwp%2Fv2%2Fmedia&parent=12919"}],"wp:term":[{"taxonomy":"category","embeddable":true,"href":"https:\/\/ostrowskatv.pl\/index.php?rest_route=%2Fwp%2Fv2%2Fcategories&post=12919"},{"taxonomy":"post_tag","embeddable":true,"href":"https:\/\/ostrowskatv.pl\/index.php?rest_route=%2Fwp%2Fv2%2Ftags&post=12919"}],"curies":[{"name":"wp","href":"https:\/\/api.w.org\/{rel}","templated":true}]}}