{"id":129,"date":"2016-01-08T11:44:17","date_gmt":"2016-01-08T10:44:17","guid":{"rendered":"http:\/\/ostrowska.tv\/?p=129"},"modified":"2016-01-08T11:44:17","modified_gmt":"2016-01-08T10:44:17","slug":"co-z-hala-radni-czekaja-i-krytykuja","status":"publish","type":"post","link":"https:\/\/ostrowskatv.pl\/?p=129","title":{"rendered":"Co z hal\u0105? Radni czekaj\u0105 i krytykuj\u0105"},"content":{"rendered":"<p><strong>Beata Klimek zapowiada\u0142a, \u017ce do ko\u0144ca 2015 roku miasto przedstawi swoje stanowisko w sprawie odkupienia wyremontowanej hali przy ulicy Kusoci\u0144skiego od sp\u00f3\u0142ki BM Slam. <\/strong><\/p>\n<p>Przypomnijmy, \u017ce sp\u00f3\u0142ka BM Slam zaproponowa\u0142a miastu odkupienie zmodernizowanej hali za kwot\u0119 8 milion\u00f3w z\u0142otych. Taka propozycja pad\u0142a 3 listopada podczas spotkania z pani\u0105 prezydent i radnymi. Do tej pory nie poznali\u015bmy jednak oficjalnego stanowiska miasta. &#8211; Sam sk\u0142ada\u0142em interpelacj\u0119 w tej sprawie. Chcia\u0142em si\u0119 dowiedzie\u0107, jak wygl\u0105da sytuacja, ale jak to cz\u0119sto bywa otrzyma\u0142em enigmatyczn\u0105 odpowied\u017a, \u017ce czekamy na ruch sp\u00f3\u0142ki. Wiem, \u017ce trwaj\u0105 prace nad projektami, ale jeste\u015bmy odci\u0119ci od dalszych informacji \u2013 m\u00f3wi radny Wojciech Matuszczak.<\/p>\n<p>Temat odkupienia hali od prywatnej firmy b\u0119dzie trudny ze wzgl\u0119d\u00f3w proceduralnych. Nie jest to jednak jedyna przeszkoda. Cz\u0119\u015b\u0107 radnych zarzuca w\u0142adzom miasta niekonsekwencj\u0119 w temacie hali przy Kusoci\u0144skiego i ju\u017c teraz zdecydowanie sprzeciwia si\u0119 takiemu rozwi\u0105zaniu. &#8211; Ja za odkupieniem tej hali r\u0119ki na pewno nie podnios\u0119. Idea jest przecie\u017c prosta. Kto\u015b kupi\u0142 te tereny na potrzeby swojego biznesu. Mia\u0142 pomys\u0142, \u017ceby na tym zarabia\u0107. Dlaczego mamy to teraz odkupi\u0107? Przypominam te\u017c, \u017ce ju\u017c jedn\u0105 inwestycj\u0119 bez pomocy zewn\u0105trznej b\u0119dziemy realizowa\u0107. Jest ni\u0105 basen miejski przy Paderewskiego \u2013 t\u0142umaczy Mariusz Leki z Klubu Radnych Platformy Obywatelskiej.<\/p>\n<p>&#8211; Przypominam, \u017ce na wsp\u00f3ln\u0105 komisj\u0119 bud\u017cetu i dzia\u0142a\u0142alno\u015bci gospodarczej zaprosi\u0142em pana Torzy\u0144skiego, kt\u00f3ry przedstawi\u0142 wizj\u0119 nowej hali przy Wojska Polskiego. Od razu podkre\u015blam, \u017ce jestem zwolennikiem takiego rozwi\u0105zania. Twierdzi\u0142em, \u017ce nowoczesna hala da miastu impuls. Pani prezydent zapyta\u0142a mnie wtedy, czy lepiej budowa\u0107 za pieni\u0105dze publiczne czy te\u017c \u015brodki prywatnego inwestora. Odpowiedzia\u0142em, \u017ce je\u015bli kto\u015b chce zrobi\u0107 to ze swojej kieszeni przy Kusoci\u0144skiego, to oczywi\u015bcie niech podejmuje takie dzia\u0142ania. Ta hala mia\u0142a spe\u0142nia\u0107 te\u017c warunki dla pi\u0142ki r\u0119cznej, wi\u0119c jak najbardziej popar\u0142em to rozwi\u0105zanie. Publiczne pieni\u0105dze trzeba przecie\u017c oszcz\u0119dza\u0107. Teraz dochodzimy jednak do kuriozalnej sytuacji. Co si\u0119 zmieni\u0142o we wszystkich za\u0142o\u017ceniach przez p\u00f3\u0142 roku? Dlaczego w styczniu 2015 roku pani prezydent napisa\u0142a w imieniu miasta do pani prezes Krystiany Drozd, \u017ce nie jest zainteresowana wykupem teren\u00f3w przy Kusoci\u0144skiego? To pokazuje, \u017ce nie by\u0142o \u017cadnej wizji &#8211; t\u0142umaczy Mariusz Leki.<\/p>\n<p>Radny Platformy Obywatelskiej nadal utrzymuje, \u017ce najlepszym rozwi\u0105zaniem dla Ostrowa Wielkopolskiego by\u0142aby budowa nowej hali przy Wojska Polskiego. Jak dodaje, jego propozycja mia\u0142a zosta\u0107 skrytykowana przez w\u0142adze miasta. Argumentem mia\u0142 by\u0107 brak \u015brodk\u00f3w zewn\u0119trznych na realizacj\u0119 tej inwestycji. &#8211; \u015arodk\u00f3w nie ma, kiedy ich si\u0119 nie szuka. To jest akurat logiczne \u2013 podkre\u015bla Leki.<\/p>\n<p>Przypomnijmy, \u017ce dru\u017cyna z naszego miasta rozgrywa swoje mecze w Kaliszu. Trudno powiedzie\u0107, jak na powr\u00f3t zespo\u0142u do Ostrowa wp\u0142yn\u0119\u0142aby odmowna odpowied\u017a miasta w sprawie hali przy Kusoci\u0144skiego. Z ca\u0142\u0105 pewno\u015bci\u0105 nale\u017cy bra\u0107 jednak pod uwag\u0119 scenariusz, \u017ce przed\u0142u\u017cy to wyst\u0119py BM Slam Stali poza Ostrowem.<\/p>\n<p>Jakie powinno by\u0107 stanowisko w\u0142adz miasta w sprawie propozycji, kt\u00f3r\u0105 z\u0142o\u017cy\u0142a sp\u00f3\u0142ka BM Slam? Czy miasto powinno odkupi\u0107 hal\u0119 przy Kusoci\u0144skiego?<strong> Zach\u0119camy do dyskusji w komentarzach.<\/strong><\/p>\n","protected":false},"excerpt":{"rendered":"Beata Klimek zapowiada\u0142a, \u017ce do ko\u0144ca 2015 roku miasto przedstawi swoje stanowisko w sprawie odkupienia wyremontowanej hali przy ulicy Kusoci\u0144skiego od sp\u00f3\u0142ki BM \n<a class=\"moretag\" href=\"https:\/\/ostrowskatv.pl\/?p=129\"> [...]<\/a>","protected":false},"author":1,"featured_media":130,"comment_status":"open","ping_status":"open","sticky":false,"template":"","format":"standard","meta":{"footnotes":""},"categories":[1],"tags":[19],"class_list":["post-129","post","type-post","status-publish","format-standard","has-post-thumbnail","hentry","category-news","tag-koszykowka"],"_links":{"self":[{"href":"https:\/\/ostrowskatv.pl\/index.php?rest_route=\/wp\/v2\/posts\/129","targetHints":{"allow":["GET"]}}],"collection":[{"href":"https:\/\/ostrowskatv.pl\/index.php?rest_route=\/wp\/v2\/posts"}],"about":[{"href":"https:\/\/ostrowskatv.pl\/index.php?rest_route=\/wp\/v2\/types\/post"}],"author":[{"embeddable":true,"href":"https:\/\/ostrowskatv.pl\/index.php?rest_route=\/wp\/v2\/users\/1"}],"replies":[{"embeddable":true,"href":"https:\/\/ostrowskatv.pl\/index.php?rest_route=%2Fwp%2Fv2%2Fcomments&post=129"}],"version-history":[{"count":0,"href":"https:\/\/ostrowskatv.pl\/index.php?rest_route=\/wp\/v2\/posts\/129\/revisions"}],"wp:featuredmedia":[{"embeddable":true,"href":"https:\/\/ostrowskatv.pl\/index.php?rest_route=\/wp\/v2\/media\/130"}],"wp:attachment":[{"href":"https:\/\/ostrowskatv.pl\/index.php?rest_route=%2Fwp%2Fv2%2Fmedia&parent=129"}],"wp:term":[{"taxonomy":"category","embeddable":true,"href":"https:\/\/ostrowskatv.pl\/index.php?rest_route=%2Fwp%2Fv2%2Fcategories&post=129"},{"taxonomy":"post_tag","embeddable":true,"href":"https:\/\/ostrowskatv.pl\/index.php?rest_route=%2Fwp%2Fv2%2Ftags&post=129"}],"curies":[{"name":"wp","href":"https:\/\/api.w.org\/{rel}","templated":true}]}}