{"id":12889,"date":"2020-09-29T14:32:01","date_gmt":"2020-09-29T13:32:01","guid":{"rendered":"http:\/\/ostrowska.tv\/?p=12889"},"modified":"2020-09-29T16:35:25","modified_gmt":"2020-09-29T15:35:25","slug":"policjanci-pojda-do-wiezienia-za-zadawanie-cierpienia","status":"publish","type":"post","link":"https:\/\/ostrowskatv.pl\/?p=12889","title":{"rendered":"Policjanci p\u00f3jd\u0105 do wi\u0119zienia za zadawanie cierpienia"},"content":{"rendered":"<p>Czterech policjant\u00f3w z Siedlec z wydzia\u0142u kryminalnego p\u00f3jdzie do wi\u0119zienia, a pi\u0105ty ma kar\u0119 w zawieszeniu, po tym jak mieli zadawa\u0107 cierpienie ostrowianinowi, kt\u00f3ry napad\u0142 na jubilera w Siedlcach. Policjanci nie mog\u0105 przez kilka lat wykonywa\u0107 zawodu policjanta.<\/p>\n<p>Ostrowianin J\u0119drzej K. dokona\u0142 kradzie\u017cy w dniu 30 lipca 2012 roku z\u0142otej bi\u017cuterii ze sklepu jubilerskiego. Przes\u0142uchuj\u0105cy go p\u00f3\u017aniej policjanci z Siedlec przekroczyli swoje uprawnienia w ten spos\u00f3b, \u017ce fizycznie i psychicznie zn\u0119caj\u0105li si\u0119 nad nim i u\u017cyli paralizatora elektrycznego, kopali go oraz uderzali pi\u0119\u015bciami i pa\u0142k\u0105 s\u0142u\u017cbow\u0105 po ca\u0142ym ciele. Nieprawid\u0142owe by\u0142o tak\u017ce d\u0142ugotrwa\u0142e wst\u0119pne rozpytywanie pokrzywdzonego. Policjanci polewali zimn\u0105 wod\u0105; zaklejali usta ta\u015bm\u0105: szydzili z jego osi\u0105gni\u0119\u0107 sportowych, krzyczeli i grozili przytrza\u015bni\u0119ciem j\u0105der drzwiczkami mebli.<\/p>\n<p>Za to czterech z nich p\u00f3jdzie siedzie\u0107 na kary od roku i 3 miesi\u0119cy do ponad dw\u00f3ch lat. Pi\u0105ty dosta\u0142 wyrok wi\u0119zienia w zawieszeniu.<\/p>\n<p>Zdaniem rodzic\u00f3w J\u0119drzeja sprawa ta ma da\u0107 do zrozumienia innym policjantom, \u017ce nie ma miejsca na torturowanie zatrzymanych.<\/p>\n","protected":false},"excerpt":{"rendered":"Czterech policjant\u00f3w z Siedlec z wydzia\u0142u kryminalnego p\u00f3jdzie do wi\u0119zienia, a pi\u0105ty ma kar\u0119 w zawieszeniu, po tym jak mieli zadawa\u0107 cierpienie ostrowianinowi, \n<a class=\"moretag\" href=\"https:\/\/ostrowskatv.pl\/?p=12889\"> [...]<\/a>","protected":false},"author":1,"featured_media":12890,"comment_status":"open","ping_status":"closed","sticky":false,"template":"","format":"standard","meta":{"footnotes":""},"categories":[1],"tags":[52],"class_list":["post-12889","post","type-post","status-publish","format-standard","has-post-thumbnail","hentry","category-news","tag-sad"],"_links":{"self":[{"href":"https:\/\/ostrowskatv.pl\/index.php?rest_route=\/wp\/v2\/posts\/12889","targetHints":{"allow":["GET"]}}],"collection":[{"href":"https:\/\/ostrowskatv.pl\/index.php?rest_route=\/wp\/v2\/posts"}],"about":[{"href":"https:\/\/ostrowskatv.pl\/index.php?rest_route=\/wp\/v2\/types\/post"}],"author":[{"embeddable":true,"href":"https:\/\/ostrowskatv.pl\/index.php?rest_route=\/wp\/v2\/users\/1"}],"replies":[{"embeddable":true,"href":"https:\/\/ostrowskatv.pl\/index.php?rest_route=%2Fwp%2Fv2%2Fcomments&post=12889"}],"version-history":[{"count":0,"href":"https:\/\/ostrowskatv.pl\/index.php?rest_route=\/wp\/v2\/posts\/12889\/revisions"}],"wp:featuredmedia":[{"embeddable":true,"href":"https:\/\/ostrowskatv.pl\/index.php?rest_route=\/wp\/v2\/media\/12890"}],"wp:attachment":[{"href":"https:\/\/ostrowskatv.pl\/index.php?rest_route=%2Fwp%2Fv2%2Fmedia&parent=12889"}],"wp:term":[{"taxonomy":"category","embeddable":true,"href":"https:\/\/ostrowskatv.pl\/index.php?rest_route=%2Fwp%2Fv2%2Fcategories&post=12889"},{"taxonomy":"post_tag","embeddable":true,"href":"https:\/\/ostrowskatv.pl\/index.php?rest_route=%2Fwp%2Fv2%2Ftags&post=12889"}],"curies":[{"name":"wp","href":"https:\/\/api.w.org\/{rel}","templated":true}]}}