{"id":12883,"date":"2020-09-29T08:02:44","date_gmt":"2020-09-29T07:02:44","guid":{"rendered":"http:\/\/ostrowska.tv\/?p=12883"},"modified":"2020-09-29T08:02:44","modified_gmt":"2020-09-29T07:02:44","slug":"skoda-uderzyla-w-bariere-na-obwodnicy-ostrowa","status":"publish","type":"post","link":"https:\/\/ostrowskatv.pl\/?p=12883","title":{"rendered":"Skoda uderzy\u0142a w barier\u0119 na obwodnicy Ostrowa"},"content":{"rendered":"<p><strong>Kierowca Skody jad\u0105c obwodnic\u0105 Ostrowa straci\u0142 panowanie nad pojazdem i uderzy\u0142 w barier\u0119 energoch\u0142onn\u0105. Do zdarzenia dosz\u0142o na pasie w kierunku Poznania, na odcinku Grabowska &#8211; Nowa Kr\u0119pa. Osob\u00f3wk\u0105 podr\u00f3\u017cowa\u0142o 3 m\u0119\u017cczyzn i \u017caden z nich nie odni\u00f3s\u0142 powa\u017cniejszych obra\u017ce\u0144.<\/strong><\/p>\n<p>Ze wst\u0119pnych relacji wynika, \u017ce do zdarzenia m\u00f3g\u0142 si\u0119 przyczyni\u0107 kierowca samochodu ci\u0119\u017carowego, kt\u00f3ry odjecha\u0142 z miejsca kolizji.<\/p>\n<div id='gallery-1' class='gallery galleryid-12883 gallery-columns-3 gallery-size-thumbnail'><figure class='gallery-item'>\n\t\t\t<div class='gallery-icon landscape'>\n\t\t\t\t<a href='https:\/\/ostrowskatv.pl\/?attachment_id=12885'><img loading=\"lazy\" decoding=\"async\" width=\"150\" height=\"150\" src=\"https:\/\/ostrowskatv.pl\/wp-content\/uploads\/2020\/09\/IMG_20200929_084422-01-01-150x150.jpeg\" class=\"attachment-thumbnail size-thumbnail\" alt=\"\" \/><\/a>\n\t\t\t<\/div><\/figure><figure class='gallery-item'>\n\t\t\t<div class='gallery-icon landscape'>\n\t\t\t\t<a href='https:\/\/ostrowskatv.pl\/?attachment_id=12886'><img loading=\"lazy\" decoding=\"async\" width=\"150\" height=\"150\" src=\"https:\/\/ostrowskatv.pl\/wp-content\/uploads\/2020\/09\/IMG_20200929_083610-01-1-150x150.jpeg\" class=\"attachment-thumbnail size-thumbnail\" alt=\"\" \/><\/a>\n\t\t\t<\/div><\/figure><figure class='gallery-item'>\n\t\t\t<div class='gallery-icon landscape'>\n\t\t\t\t<a href='https:\/\/ostrowskatv.pl\/?attachment_id=12887'><img loading=\"lazy\" decoding=\"async\" width=\"150\" height=\"150\" src=\"https:\/\/ostrowskatv.pl\/wp-content\/uploads\/2020\/09\/IMG_20200929_084214-01-150x150.jpeg\" class=\"attachment-thumbnail size-thumbnail\" alt=\"\" \/><\/a>\n\t\t\t<\/div><\/figure>\n\t\t<\/div>\n\n","protected":false},"excerpt":{"rendered":"Kierowca Skody jad\u0105c obwodnic\u0105 Ostrowa straci\u0142 panowanie nad pojazdem i uderzy\u0142 w barier\u0119 energoch\u0142onn\u0105. Do zdarzenia dosz\u0142o na pasie w kierunku Poznania, na \n<a class=\"moretag\" href=\"https:\/\/ostrowskatv.pl\/?p=12883\"> [...]<\/a>","protected":false},"author":1,"featured_media":12885,"comment_status":"open","ping_status":"closed","sticky":false,"template":"","format":"standard","meta":{"footnotes":""},"categories":[1],"tags":[205],"class_list":["post-12883","post","type-post","status-publish","format-standard","has-post-thumbnail","hentry","category-news","tag-s11"],"_links":{"self":[{"href":"https:\/\/ostrowskatv.pl\/index.php?rest_route=\/wp\/v2\/posts\/12883","targetHints":{"allow":["GET"]}}],"collection":[{"href":"https:\/\/ostrowskatv.pl\/index.php?rest_route=\/wp\/v2\/posts"}],"about":[{"href":"https:\/\/ostrowskatv.pl\/index.php?rest_route=\/wp\/v2\/types\/post"}],"author":[{"embeddable":true,"href":"https:\/\/ostrowskatv.pl\/index.php?rest_route=\/wp\/v2\/users\/1"}],"replies":[{"embeddable":true,"href":"https:\/\/ostrowskatv.pl\/index.php?rest_route=%2Fwp%2Fv2%2Fcomments&post=12883"}],"version-history":[{"count":0,"href":"https:\/\/ostrowskatv.pl\/index.php?rest_route=\/wp\/v2\/posts\/12883\/revisions"}],"wp:featuredmedia":[{"embeddable":true,"href":"https:\/\/ostrowskatv.pl\/index.php?rest_route=\/wp\/v2\/media\/12885"}],"wp:attachment":[{"href":"https:\/\/ostrowskatv.pl\/index.php?rest_route=%2Fwp%2Fv2%2Fmedia&parent=12883"}],"wp:term":[{"taxonomy":"category","embeddable":true,"href":"https:\/\/ostrowskatv.pl\/index.php?rest_route=%2Fwp%2Fv2%2Fcategories&post=12883"},{"taxonomy":"post_tag","embeddable":true,"href":"https:\/\/ostrowskatv.pl\/index.php?rest_route=%2Fwp%2Fv2%2Ftags&post=12883"}],"curies":[{"name":"wp","href":"https:\/\/api.w.org\/{rel}","templated":true}]}}