{"id":12857,"date":"2020-09-25T14:28:00","date_gmt":"2020-09-25T13:28:00","guid":{"rendered":"http:\/\/ostrowska.tv\/?p=12857"},"modified":"2020-09-25T14:28:00","modified_gmt":"2020-09-25T13:28:00","slug":"auto-strazakow-gwaltownie-zjechalo-na-chodnik-winny-kurier","status":"publish","type":"post","link":"https:\/\/ostrowskatv.pl\/?p=12857","title":{"rendered":"Auto stra\u017cak\u00f3w gwa\u0142townie zjecha\u0142o na chodnik. Winny kurier"},"content":{"rendered":"<p><strong>Po godzinie 14.00 dw\u00f3ch dow\u00f3dc\u00f3w z ostrowskiej stra\u017cy po\u017carnej mia\u0142o gro\u017anie wygl\u0105daj\u0105c\u0105 kolizj\u0119 na Alei S\u0142owackiego<\/strong>. <strong>Jechali prawym pasem w stron\u0119 komendy. Przed skrzy\u017cowaniem z ulic\u0105 Kr. Jadwigi m\u0142ody kierowca busa gwa\u0142townie zmieni\u0142 pas z leweo na prawy. Kierowca jad\u0105c stra\u017cackim Renault Kangoo gwa\u0142townie odbi\u0142 w prawo, zje\u017cd\u017caj\u0105c na pobocze, przeje\u017cd\u017caj\u0105c po betonowym s\u0142upku i zatrzymuj\u0105c si\u0119 na chodniku. W zdarzeniu nikt nie ucierpia\u0142.<\/strong><\/p>\n<p>Policjanci ukarali mandatem karnym kierowc\u0119 busa z firmy kurierskiej.<\/p>\n<div id='gallery-1' class='gallery galleryid-12857 gallery-columns-3 gallery-size-thumbnail'><figure class='gallery-item'>\n\t\t\t<div class='gallery-icon landscape'>\n\t\t\t\t<a href='https:\/\/ostrowskatv.pl\/?attachment_id=12856'><img loading=\"lazy\" decoding=\"async\" width=\"150\" height=\"150\" src=\"https:\/\/ostrowskatv.pl\/wp-content\/uploads\/2020\/09\/IMG_20200925_142051-01-150x150.jpeg\" class=\"attachment-thumbnail size-thumbnail\" alt=\"\" \/><\/a>\n\t\t\t<\/div><\/figure><figure class='gallery-item'>\n\t\t\t<div class='gallery-icon landscape'>\n\t\t\t\t<a href='https:\/\/ostrowskatv.pl\/?attachment_id=12855'><img loading=\"lazy\" decoding=\"async\" width=\"150\" height=\"150\" src=\"https:\/\/ostrowskatv.pl\/wp-content\/uploads\/2020\/09\/IMG_20200925_142100-01-150x150.jpeg\" class=\"attachment-thumbnail size-thumbnail\" alt=\"\" \/><\/a>\n\t\t\t<\/div><\/figure><figure class='gallery-item'>\n\t\t\t<div class='gallery-icon portrait'>\n\t\t\t\t<a href='https:\/\/ostrowskatv.pl\/?attachment_id=12854'><img loading=\"lazy\" decoding=\"async\" width=\"150\" height=\"150\" src=\"https:\/\/ostrowskatv.pl\/wp-content\/uploads\/2020\/09\/IMG_20200925_142238-01-150x150.jpeg\" class=\"attachment-thumbnail size-thumbnail\" alt=\"\" \/><\/a>\n\t\t\t<\/div><\/figure><figure class='gallery-item'>\n\t\t\t<div class='gallery-icon landscape'>\n\t\t\t\t<a href='https:\/\/ostrowskatv.pl\/?attachment_id=12853'><img loading=\"lazy\" decoding=\"async\" width=\"150\" height=\"150\" src=\"https:\/\/ostrowskatv.pl\/wp-content\/uploads\/2020\/09\/IMG_20200925_142247-01-01-150x150.jpeg\" class=\"attachment-thumbnail size-thumbnail\" alt=\"\" \/><\/a>\n\t\t\t<\/div><\/figure>\n\t\t<\/div>\n\n","protected":false},"excerpt":{"rendered":"Po godzinie 14.00 dw\u00f3ch dow\u00f3dc\u00f3w z ostrowskiej stra\u017cy po\u017carnej mia\u0142o gro\u017anie wygl\u0105daj\u0105c\u0105 kolizj\u0119 na Alei S\u0142owackiego. Jechali prawym pasem w stron\u0119 komendy. Przed \n<a class=\"moretag\" href=\"https:\/\/ostrowskatv.pl\/?p=12857\"> [...]<\/a>","protected":false},"author":1,"featured_media":12855,"comment_status":"open","ping_status":"closed","sticky":false,"template":"","format":"standard","meta":{"footnotes":""},"categories":[1],"tags":[2],"class_list":["post-12857","post","type-post","status-publish","format-standard","has-post-thumbnail","hentry","category-news","tag-ostrow-wielkopolski"],"_links":{"self":[{"href":"https:\/\/ostrowskatv.pl\/index.php?rest_route=\/wp\/v2\/posts\/12857","targetHints":{"allow":["GET"]}}],"collection":[{"href":"https:\/\/ostrowskatv.pl\/index.php?rest_route=\/wp\/v2\/posts"}],"about":[{"href":"https:\/\/ostrowskatv.pl\/index.php?rest_route=\/wp\/v2\/types\/post"}],"author":[{"embeddable":true,"href":"https:\/\/ostrowskatv.pl\/index.php?rest_route=\/wp\/v2\/users\/1"}],"replies":[{"embeddable":true,"href":"https:\/\/ostrowskatv.pl\/index.php?rest_route=%2Fwp%2Fv2%2Fcomments&post=12857"}],"version-history":[{"count":0,"href":"https:\/\/ostrowskatv.pl\/index.php?rest_route=\/wp\/v2\/posts\/12857\/revisions"}],"wp:featuredmedia":[{"embeddable":true,"href":"https:\/\/ostrowskatv.pl\/index.php?rest_route=\/wp\/v2\/media\/12855"}],"wp:attachment":[{"href":"https:\/\/ostrowskatv.pl\/index.php?rest_route=%2Fwp%2Fv2%2Fmedia&parent=12857"}],"wp:term":[{"taxonomy":"category","embeddable":true,"href":"https:\/\/ostrowskatv.pl\/index.php?rest_route=%2Fwp%2Fv2%2Fcategories&post=12857"},{"taxonomy":"post_tag","embeddable":true,"href":"https:\/\/ostrowskatv.pl\/index.php?rest_route=%2Fwp%2Fv2%2Ftags&post=12857"}],"curies":[{"name":"wp","href":"https:\/\/api.w.org\/{rel}","templated":true}]}}