{"id":12851,"date":"2020-09-25T11:42:28","date_gmt":"2020-09-25T10:42:28","guid":{"rendered":"http:\/\/ostrowska.tv\/?p=12851"},"modified":"2020-09-25T11:42:28","modified_gmt":"2020-09-25T10:42:28","slug":"alarm-bombowy-w-szkole-podstawowej","status":"publish","type":"post","link":"https:\/\/ostrowskatv.pl\/?p=12851","title":{"rendered":"Alarm bombowy w szkole podstawowej"},"content":{"rendered":"<p><strong>Przed po\u0142udniem wys\u0142ano maile do szk\u00f3\u0142 podstawowych, w kt\u00f3rych poinformowano o zagro\u017ceniu dla przebywaj\u0105cych tam dzieci i nauczycieli. Mia\u0142oby to spowodowa\u0107 pod\u0142o\u017cenie \u0142adunku wybuchowego z substancj\u0105 chemiczn\u0105.\u00a0<\/strong><\/p>\n<p>W tym celu na miejsce zadysponowano zast\u0119py rozpoznania chemicznego oraz policj\u0119. Informacja dotar\u0142a do sekretariatu Szko\u0142y Podstawowej nr 4 przy ul. Kr. Jadwigi oraz do bursy szkolnej przy ul. Tomczeka w Ostrowie Wielkopolskim.<\/p>\n<p>Z podstaw\u00f3wki ewakuowano uczni\u00f3w oraz personel.<\/p>\n<p>Podobne zg\u0142oszenia otrzyma\u0142y m. in. szko\u0142y w Kaliszu. P<span style=\"font-size: 1rem;\">o przeszukaniu pomieszcze\u0144, nic nie odnaleziono.\u00a0<\/span><\/p>\n<div id='gallery-1' class='gallery galleryid-12851 gallery-columns-3 gallery-size-thumbnail'><figure class='gallery-item'>\n\t\t\t<div class='gallery-icon landscape'>\n\t\t\t\t<a href='https:\/\/ostrowskatv.pl\/?attachment_id=12850'><img loading=\"lazy\" decoding=\"async\" width=\"150\" height=\"150\" src=\"https:\/\/ostrowskatv.pl\/wp-content\/uploads\/2020\/09\/IMG_20200925_121017-01-150x150.jpeg\" class=\"attachment-thumbnail size-thumbnail\" alt=\"\" \/><\/a>\n\t\t\t<\/div><\/figure><figure class='gallery-item'>\n\t\t\t<div class='gallery-icon landscape'>\n\t\t\t\t<a href='https:\/\/ostrowskatv.pl\/?attachment_id=12849'><img loading=\"lazy\" decoding=\"async\" width=\"150\" height=\"150\" src=\"https:\/\/ostrowskatv.pl\/wp-content\/uploads\/2020\/09\/IMG_20200925_121012-01-150x150.jpeg\" class=\"attachment-thumbnail size-thumbnail\" alt=\"\" \/><\/a>\n\t\t\t<\/div><\/figure><figure class='gallery-item'>\n\t\t\t<div class='gallery-icon landscape'>\n\t\t\t\t<a href='https:\/\/ostrowskatv.pl\/?attachment_id=12848'><img loading=\"lazy\" decoding=\"async\" width=\"150\" height=\"150\" src=\"https:\/\/ostrowskatv.pl\/wp-content\/uploads\/2020\/09\/IMG_20200925_121007-01-150x150.jpeg\" class=\"attachment-thumbnail size-thumbnail\" alt=\"\" \/><\/a>\n\t\t\t<\/div><\/figure><figure class='gallery-item'>\n\t\t\t<div class='gallery-icon landscape'>\n\t\t\t\t<a href='https:\/\/ostrowskatv.pl\/?attachment_id=12847'><img loading=\"lazy\" decoding=\"async\" width=\"150\" height=\"150\" src=\"https:\/\/ostrowskatv.pl\/wp-content\/uploads\/2020\/09\/IMG_20200925_120931-01-150x150.jpeg\" class=\"attachment-thumbnail size-thumbnail\" alt=\"\" \/><\/a>\n\t\t\t<\/div><\/figure>\n\t\t<\/div>\n\n<p>&nbsp;<\/p>\n","protected":false},"excerpt":{"rendered":"Przed po\u0142udniem wys\u0142ano maile do szk\u00f3\u0142 podstawowych, w kt\u00f3rych poinformowano o zagro\u017ceniu dla przebywaj\u0105cych tam dzieci i nauczycieli. Mia\u0142oby to spowodowa\u0107 pod\u0142o\u017cenie \u0142adunku \n<a class=\"moretag\" href=\"https:\/\/ostrowskatv.pl\/?p=12851\"> [...]<\/a>","protected":false},"author":1,"featured_media":12848,"comment_status":"open","ping_status":"closed","sticky":false,"template":"","format":"standard","meta":{"footnotes":""},"categories":[1],"tags":[2],"class_list":["post-12851","post","type-post","status-publish","format-standard","has-post-thumbnail","hentry","category-news","tag-ostrow-wielkopolski"],"_links":{"self":[{"href":"https:\/\/ostrowskatv.pl\/index.php?rest_route=\/wp\/v2\/posts\/12851","targetHints":{"allow":["GET"]}}],"collection":[{"href":"https:\/\/ostrowskatv.pl\/index.php?rest_route=\/wp\/v2\/posts"}],"about":[{"href":"https:\/\/ostrowskatv.pl\/index.php?rest_route=\/wp\/v2\/types\/post"}],"author":[{"embeddable":true,"href":"https:\/\/ostrowskatv.pl\/index.php?rest_route=\/wp\/v2\/users\/1"}],"replies":[{"embeddable":true,"href":"https:\/\/ostrowskatv.pl\/index.php?rest_route=%2Fwp%2Fv2%2Fcomments&post=12851"}],"version-history":[{"count":0,"href":"https:\/\/ostrowskatv.pl\/index.php?rest_route=\/wp\/v2\/posts\/12851\/revisions"}],"wp:featuredmedia":[{"embeddable":true,"href":"https:\/\/ostrowskatv.pl\/index.php?rest_route=\/wp\/v2\/media\/12848"}],"wp:attachment":[{"href":"https:\/\/ostrowskatv.pl\/index.php?rest_route=%2Fwp%2Fv2%2Fmedia&parent=12851"}],"wp:term":[{"taxonomy":"category","embeddable":true,"href":"https:\/\/ostrowskatv.pl\/index.php?rest_route=%2Fwp%2Fv2%2Fcategories&post=12851"},{"taxonomy":"post_tag","embeddable":true,"href":"https:\/\/ostrowskatv.pl\/index.php?rest_route=%2Fwp%2Fv2%2Ftags&post=12851"}],"curies":[{"name":"wp","href":"https:\/\/api.w.org\/{rel}","templated":true}]}}