{"id":12836,"date":"2020-09-22T10:16:26","date_gmt":"2020-09-22T09:16:26","guid":{"rendered":"http:\/\/ostrowska.tv\/?p=12836"},"modified":"2020-09-22T10:16:26","modified_gmt":"2020-09-22T09:16:26","slug":"mlodzi-tenisisci-ze-zlotymi-medalami","status":"publish","type":"post","link":"https:\/\/ostrowskatv.pl\/?p=12836","title":{"rendered":"M\u0142odzi tenisi\u015bci ze z\u0142otymi medalami"},"content":{"rendered":"<p><strong>M\u0142odzi tenisi\u015bci z Ostrowa Wlkp. i Kalisza odnie\u015bli du\u017cy sukces na Talentiadzie 2020. W rywalizacji wzi\u0119\u0142o udzia\u0142 15 ekip, kt\u00f3re zosta\u0142y wy\u0142onione z eliminacji, w kt\u00f3rych bra\u0142o udzia\u0142 kilkadziesi\u0105t zespo\u0142\u00f3w. Blanka Wasiela, Lilly J\u0119drzejak, Maja Maksimowicz, Jakub Nowak, Igor Bartnik i Jakub Gatkowski zaprezentowali waleczno\u015b\u0107, umiej\u0119tno\u015bci i wielki hart ducha. Uda\u0142o im si\u0119 wywalczy\u0107 z\u0142ote medale.<\/strong><\/p>\n<div id='gallery-1' class='gallery galleryid-12836 gallery-columns-3 gallery-size-thumbnail'><figure class='gallery-item'>\n\t\t\t<div class='gallery-icon portrait'>\n\t\t\t\t<a href='https:\/\/ostrowskatv.pl\/?attachment_id=12837'><img loading=\"lazy\" decoding=\"async\" width=\"150\" height=\"150\" src=\"https:\/\/ostrowskatv.pl\/wp-content\/uploads\/2020\/09\/1E9E1D96-381A-4E8D-83DA-080AE7907116-150x150.jpeg\" class=\"attachment-thumbnail size-thumbnail\" alt=\"\" \/><\/a>\n\t\t\t<\/div><\/figure><figure class='gallery-item'>\n\t\t\t<div class='gallery-icon portrait'>\n\t\t\t\t<a href='https:\/\/ostrowskatv.pl\/?attachment_id=12838'><img loading=\"lazy\" decoding=\"async\" width=\"150\" height=\"150\" src=\"https:\/\/ostrowskatv.pl\/wp-content\/uploads\/2020\/09\/4F438EE9-885E-47E9-9EB4-229A07083AC6-150x150.jpeg\" class=\"attachment-thumbnail size-thumbnail\" alt=\"\" \/><\/a>\n\t\t\t<\/div><\/figure><figure class='gallery-item'>\n\t\t\t<div class='gallery-icon landscape'>\n\t\t\t\t<a href='https:\/\/ostrowskatv.pl\/?attachment_id=12839'><img loading=\"lazy\" decoding=\"async\" width=\"150\" height=\"150\" src=\"https:\/\/ostrowskatv.pl\/wp-content\/uploads\/2020\/09\/5D023068-953C-435E-8123-7A8BD5F1E305-150x150.jpeg\" class=\"attachment-thumbnail size-thumbnail\" alt=\"\" \/><\/a>\n\t\t\t<\/div><\/figure><figure class='gallery-item'>\n\t\t\t<div class='gallery-icon landscape'>\n\t\t\t\t<a href='https:\/\/ostrowskatv.pl\/?attachment_id=12840'><img loading=\"lazy\" decoding=\"async\" width=\"150\" height=\"150\" src=\"https:\/\/ostrowskatv.pl\/wp-content\/uploads\/2020\/09\/6D7646DC-C38D-44A2-95BB-7D1B49277118-e1600766179779-150x150.jpeg\" class=\"attachment-thumbnail size-thumbnail\" alt=\"\" \/><\/a>\n\t\t\t<\/div><\/figure><figure class='gallery-item'>\n\t\t\t<div class='gallery-icon portrait'>\n\t\t\t\t<a href='https:\/\/ostrowskatv.pl\/?attachment_id=12841'><img loading=\"lazy\" decoding=\"async\" width=\"150\" height=\"150\" src=\"https:\/\/ostrowskatv.pl\/wp-content\/uploads\/2020\/09\/78AD6F88-0945-4E18-BE2F-4832D195B001-150x150.jpeg\" class=\"attachment-thumbnail size-thumbnail\" alt=\"\" \/><\/a>\n\t\t\t<\/div><\/figure><figure class='gallery-item'>\n\t\t\t<div class='gallery-icon landscape'>\n\t\t\t\t<a href='https:\/\/ostrowskatv.pl\/?attachment_id=12842'><img loading=\"lazy\" decoding=\"async\" width=\"150\" height=\"150\" src=\"https:\/\/ostrowskatv.pl\/wp-content\/uploads\/2020\/09\/963F2A69-AED2-4654-B715-DEF0041C8CA1-150x150.jpeg\" class=\"attachment-thumbnail size-thumbnail\" alt=\"\" \/><\/a>\n\t\t\t<\/div><\/figure><figure class='gallery-item'>\n\t\t\t<div class='gallery-icon landscape'>\n\t\t\t\t<a href='https:\/\/ostrowskatv.pl\/?attachment_id=12843'><img loading=\"lazy\" decoding=\"async\" width=\"150\" height=\"150\" src=\"https:\/\/ostrowskatv.pl\/wp-content\/uploads\/2020\/09\/4399D09E-3C14-4E5C-9624-9B57F4B1E736-150x150.jpeg\" class=\"attachment-thumbnail size-thumbnail\" alt=\"\" \/><\/a>\n\t\t\t<\/div><\/figure><figure class='gallery-item'>\n\t\t\t<div class='gallery-icon landscape'>\n\t\t\t\t<a href='https:\/\/ostrowskatv.pl\/?attachment_id=12844'><img loading=\"lazy\" decoding=\"async\" width=\"150\" height=\"150\" src=\"https:\/\/ostrowskatv.pl\/wp-content\/uploads\/2020\/09\/E0D6695C-9FAB-4B16-95C4-B6E62453CFE3-150x150.jpeg\" class=\"attachment-thumbnail size-thumbnail\" alt=\"\" \/><\/a>\n\t\t\t<\/div><\/figure><figure class='gallery-item'>\n\t\t\t<div class='gallery-icon landscape'>\n\t\t\t\t<a href='https:\/\/ostrowskatv.pl\/?attachment_id=12845'><img loading=\"lazy\" decoding=\"async\" width=\"150\" height=\"150\" src=\"https:\/\/ostrowskatv.pl\/wp-content\/uploads\/2020\/09\/FEAECB2B-6BFC-4C3D-8B3B-E09A68AAAC08-150x150.jpeg\" class=\"attachment-thumbnail size-thumbnail\" alt=\"\" \/><\/a>\n\t\t\t<\/div><\/figure>\n\t\t<\/div>\n\n<p>\u2013 Kilka element\u00f3w zdecydowa\u0142o o z\u0142otym medalu. Przede wszystkim bardzo wyr\u00f3wnany sk\u0142ad naszego zespo\u0142u i fakt, \u017ce przygotowania do tej imprezy trwa\u0142y kilka miesi\u0119cy i by\u0142y systematyczne \u2013 wyja\u015bnia trener Rafa\u0142 Mikulski, kt\u00f3ry prowadzi Ostrowsk\u0105 Szko\u0142\u0119 Tenisa, do kt\u00f3rej ucz\u0119szcza kilkadziesi\u0105t dzieciak\u00f3w od wieku przedszkolnego do m\u0142odzie\u017cy licealnej.<\/p>\n<p>\u2013\u00a0 Ta wygrana to wynik wsp\u00f3\u0142pracy naszego klubu z dwoma szkoleniowcami z Ostrowa Wielkopolskiego \u2013 Rafa\u0142em i Tomaszem Mikulskimi i tak\u017ce ich podopiecznymi. Dw\u00f3jka z\u0142otych medalist\u00f3w pochodzi z Kalisza, dw\u00f3jka z Ostrowa i dw\u00f3jka jest spoza okr\u0119gu. Ciesz\u0105 efekty. Ten sukces na pewno b\u0119dzie motywacj\u0105 do dalszej pracy \u2013 m\u00f3wi Jacek Pietrzak, prezes KKS Kalisz.<\/p>\n<p>Pierwsza cz\u0119\u015b\u0107 Talentiady sk\u0142ada\u0142a si\u0119 z konkurencji sprawno\u015bciowych: bieg na 20 m z rakietk\u0105, bieg gwia\u017adzisty ze zbieraniem pi\u0142ek, rzut pi\u0142k\u0105 tenisow\u0105 w dal z kl\u0119ku, bieg wahad\u0142owy z odrzucaniem pi\u0142ek. Druga i trzecia cz\u0119\u015b\u0107 to by\u0142y gry paratenisowe i tenisowe.<\/p>\n<p>\u2013 Pocz\u0105tek by\u0142 bardzo dobry, bo wygrali\u015bmy w konkurencjach sprawno\u015bciowych. Ciesz\u0119 si\u0119, \u017ce do ostatniego momentu nie zabrak\u0142o koncentracji \u2013 dodaje prezes Pietrzak i podkre\u015bla nieocenion\u0105 pomoc i zaanga\u017cowanie \u201ekierownika\u201d projektu Talentiada Macieja Nowaka, ojca Kuby, jednego z zawodnik\u00f3w.<\/p>\n<p>Warto zaznaczy\u0107, \u017ce KKS Kalisz jest m\u0142odym klubem, bo dzia\u0142a dopiero od pi\u0119ciu lat. \u2013\u00a0 Niestety, wci\u0105\u017c brakuje sta\u0142ej bazy. Co do dotychczasowych wynik\u00f3w, to z\u0142oty medal i puchar Talentiady zajmie szczeg\u00f3lne miejsce w klubowej gablocie, ale nasi reprezentanci ju\u017c pokazali si\u0119 z dobrej strony w najwa\u017cniejszych imprezach w kraju.\u00a0 Zaj\u0119li m. in. sz\u00f3ste miejsce w Dru\u017cynowych Mistrzostwach Polski kadet\u00f3w, byli te\u017c w \u0107wier\u0107fina\u0142ach singla w krajowym czempionacie \u2013 ko\u0144czy Jacek Pietrzak.<\/p>\n","protected":false},"excerpt":{"rendered":"M\u0142odzi tenisi\u015bci z Ostrowa Wlkp. i Kalisza odnie\u015bli du\u017cy sukces na Talentiadzie 2020. W rywalizacji wzi\u0119\u0142o udzia\u0142 15 ekip, kt\u00f3re zosta\u0142y wy\u0142onione z \n<a class=\"moretag\" href=\"https:\/\/ostrowskatv.pl\/?p=12836\"> [...]<\/a>","protected":false},"author":1,"featured_media":12840,"comment_status":"open","ping_status":"closed","sticky":false,"template":"","format":"standard","meta":{"footnotes":""},"categories":[1],"tags":[2],"class_list":["post-12836","post","type-post","status-publish","format-standard","has-post-thumbnail","hentry","category-news","tag-ostrow-wielkopolski"],"_links":{"self":[{"href":"https:\/\/ostrowskatv.pl\/index.php?rest_route=\/wp\/v2\/posts\/12836","targetHints":{"allow":["GET"]}}],"collection":[{"href":"https:\/\/ostrowskatv.pl\/index.php?rest_route=\/wp\/v2\/posts"}],"about":[{"href":"https:\/\/ostrowskatv.pl\/index.php?rest_route=\/wp\/v2\/types\/post"}],"author":[{"embeddable":true,"href":"https:\/\/ostrowskatv.pl\/index.php?rest_route=\/wp\/v2\/users\/1"}],"replies":[{"embeddable":true,"href":"https:\/\/ostrowskatv.pl\/index.php?rest_route=%2Fwp%2Fv2%2Fcomments&post=12836"}],"version-history":[{"count":0,"href":"https:\/\/ostrowskatv.pl\/index.php?rest_route=\/wp\/v2\/posts\/12836\/revisions"}],"wp:featuredmedia":[{"embeddable":true,"href":"https:\/\/ostrowskatv.pl\/index.php?rest_route=\/wp\/v2\/media\/12840"}],"wp:attachment":[{"href":"https:\/\/ostrowskatv.pl\/index.php?rest_route=%2Fwp%2Fv2%2Fmedia&parent=12836"}],"wp:term":[{"taxonomy":"category","embeddable":true,"href":"https:\/\/ostrowskatv.pl\/index.php?rest_route=%2Fwp%2Fv2%2Fcategories&post=12836"},{"taxonomy":"post_tag","embeddable":true,"href":"https:\/\/ostrowskatv.pl\/index.php?rest_route=%2Fwp%2Fv2%2Ftags&post=12836"}],"curies":[{"name":"wp","href":"https:\/\/api.w.org\/{rel}","templated":true}]}}