{"id":12825,"date":"2020-09-22T06:20:46","date_gmt":"2020-09-22T05:20:46","guid":{"rendered":"http:\/\/ostrowska.tv\/?p=12825"},"modified":"2020-09-22T06:21:57","modified_gmt":"2020-09-22T05:21:57","slug":"cialo-z-roztrzaskana-glowa-wyskoczyl","status":"publish","type":"post","link":"https:\/\/ostrowskatv.pl\/?p=12825","title":{"rendered":"Znaleziono cia\u0142o z roztrzaskan\u0105 g\u0142ow\u0105"},"content":{"rendered":"<p><strong>Minionej nocy dosz\u0142o do \u015bmierci m\u0119\u017cczyzny. Okoliczno\u015bci s\u0105 niejasne i wymagaj\u0105 wnikliwych czynno\u015bci \u015bledczych. Faktem jest, \u017ce po godzinie 6.00 zauwa\u017cono cia\u0142o z mocno rozbit\u0105 g\u0142ow\u0105 le\u017c\u0105ce tu\u017c obok bloku przy ul. Spokojnej w Ostrowie Wielkopolskim.<\/strong><\/p>\n<p>Najbardziej prawdopodobne wydaje si\u0119, \u017ce m\u0119\u017cczyzna spad\u0142 z wysoko\u015bci. Pozostaje do ustalenia czy targn\u0105\u0142 si\u0119 na \u017cycie czy kto\u015b m\u00f3g\u0142 mu w tym pom\u00f3c.<\/p>\n<div id='gallery-1' class='gallery galleryid-12825 gallery-columns-3 gallery-size-thumbnail'><figure class='gallery-item'>\n\t\t\t<div class='gallery-icon portrait'>\n\t\t\t\t<a href='https:\/\/ostrowskatv.pl\/?attachment_id=12824'><img loading=\"lazy\" decoding=\"async\" width=\"150\" height=\"150\" src=\"https:\/\/ostrowskatv.pl\/wp-content\/uploads\/2020\/09\/IMG_20200922_065743-01-150x150.jpeg\" class=\"attachment-thumbnail size-thumbnail\" alt=\"\" \/><\/a>\n\t\t\t<\/div><\/figure><figure class='gallery-item'>\n\t\t\t<div class='gallery-icon portrait'>\n\t\t\t\t<a href='https:\/\/ostrowskatv.pl\/?attachment_id=12823'><img loading=\"lazy\" decoding=\"async\" width=\"150\" height=\"150\" src=\"https:\/\/ostrowskatv.pl\/wp-content\/uploads\/2020\/09\/IMG_20200922_070102-01-150x150.jpeg\" class=\"attachment-thumbnail size-thumbnail\" alt=\"\" \/><\/a>\n\t\t\t<\/div><\/figure><figure class='gallery-item'>\n\t\t\t<div class='gallery-icon landscape'>\n\t\t\t\t<a href='https:\/\/ostrowskatv.pl\/?attachment_id=12822'><img loading=\"lazy\" decoding=\"async\" width=\"150\" height=\"150\" src=\"https:\/\/ostrowskatv.pl\/wp-content\/uploads\/2020\/09\/IMG_20200922_070108-01-150x150.jpeg\" class=\"attachment-thumbnail size-thumbnail\" alt=\"\" \/><\/a>\n\t\t\t<\/div><\/figure><figure class='gallery-item'>\n\t\t\t<div class='gallery-icon landscape'>\n\t\t\t\t<a href='https:\/\/ostrowskatv.pl\/?attachment_id=12821'><img loading=\"lazy\" decoding=\"async\" width=\"150\" height=\"150\" src=\"https:\/\/ostrowskatv.pl\/wp-content\/uploads\/2020\/09\/IMG_20200922_070143-01-150x150.jpeg\" class=\"attachment-thumbnail size-thumbnail\" alt=\"\" aria-describedby=\"gallery-1-12821\" \/><\/a>\n\t\t\t<\/div>\n\t\t\t\t<figcaption class='wp-caption-text gallery-caption' id='gallery-1-12821'>\n\t\t\t\trhdr\n\t\t\t\t<\/figcaption><\/figure>\n\t\t<\/div>\n\n","protected":false},"excerpt":{"rendered":"Minionej nocy dosz\u0142o do \u015bmierci m\u0119\u017cczyzny. Okoliczno\u015bci s\u0105 niejasne i wymagaj\u0105 wnikliwych czynno\u015bci \u015bledczych. Faktem jest, \u017ce po godzinie 6.00 zauwa\u017cono cia\u0142o z \n<a class=\"moretag\" href=\"https:\/\/ostrowskatv.pl\/?p=12825\"> [...]<\/a>","protected":false},"author":1,"featured_media":12822,"comment_status":"open","ping_status":"closed","sticky":false,"template":"","format":"standard","meta":{"footnotes":""},"categories":[1],"tags":[2],"class_list":["post-12825","post","type-post","status-publish","format-standard","has-post-thumbnail","hentry","category-news","tag-ostrow-wielkopolski"],"_links":{"self":[{"href":"https:\/\/ostrowskatv.pl\/index.php?rest_route=\/wp\/v2\/posts\/12825","targetHints":{"allow":["GET"]}}],"collection":[{"href":"https:\/\/ostrowskatv.pl\/index.php?rest_route=\/wp\/v2\/posts"}],"about":[{"href":"https:\/\/ostrowskatv.pl\/index.php?rest_route=\/wp\/v2\/types\/post"}],"author":[{"embeddable":true,"href":"https:\/\/ostrowskatv.pl\/index.php?rest_route=\/wp\/v2\/users\/1"}],"replies":[{"embeddable":true,"href":"https:\/\/ostrowskatv.pl\/index.php?rest_route=%2Fwp%2Fv2%2Fcomments&post=12825"}],"version-history":[{"count":0,"href":"https:\/\/ostrowskatv.pl\/index.php?rest_route=\/wp\/v2\/posts\/12825\/revisions"}],"wp:featuredmedia":[{"embeddable":true,"href":"https:\/\/ostrowskatv.pl\/index.php?rest_route=\/wp\/v2\/media\/12822"}],"wp:attachment":[{"href":"https:\/\/ostrowskatv.pl\/index.php?rest_route=%2Fwp%2Fv2%2Fmedia&parent=12825"}],"wp:term":[{"taxonomy":"category","embeddable":true,"href":"https:\/\/ostrowskatv.pl\/index.php?rest_route=%2Fwp%2Fv2%2Fcategories&post=12825"},{"taxonomy":"post_tag","embeddable":true,"href":"https:\/\/ostrowskatv.pl\/index.php?rest_route=%2Fwp%2Fv2%2Ftags&post=12825"}],"curies":[{"name":"wp","href":"https:\/\/api.w.org\/{rel}","templated":true}]}}