{"id":12817,"date":"2020-09-19T15:42:27","date_gmt":"2020-09-19T14:42:27","guid":{"rendered":"http:\/\/ostrowska.tv\/?p=12817"},"modified":"2020-09-19T17:15:02","modified_gmt":"2020-09-19T16:15:02","slug":"pozar-w-garkach-ogniem-objete-dwie-stodoly","status":"publish","type":"post","link":"https:\/\/ostrowskatv.pl\/?p=12817","title":{"rendered":"Po\u017car w Garkach. Ogniem obj\u0119te dwie stodo\u0142y (aktualizacja)"},"content":{"rendered":"<p><strong>W sobot\u0119 oko\u0142o godziny 15.30 zg\u0142oszono po\u017car dw\u00f3ch budynk\u00f3w gospodarczo-inwentarskich w miejscowo\u015bci Garki przy ul. Kr\u0119tej. Na miejsce zadysponowano oko\u0142o 15 zast\u0119p\u00f3w stra\u017cy po\u017carnej. W po\u017carze zgin\u0119\u0142o cz\u0119\u015b\u0107 zwierz\u0105t. <\/strong><\/p>\n<p>Kiedy zauwa\u017cono po\u017car, ogie\u0144 by\u0142 ju\u017c mocno rozwini\u0119ty. Do akcji zadysponowano 5 zast\u0119p\u00f3w z Pa\u0144stwowej Stra\u017cy Po\u017carnej, oko\u0142o 10 zast\u0119p\u00f3w z Ochotniczych Stra\u017cy Po\u017carnej, w tym dwie cysterny.<\/p>\n<p>W pierwszej fazie skupiono si\u0119 na obronie budynk\u00f3w mieszkalnych, znajduj\u0105c si\u0119 bezpo\u015brednio przy tych obj\u0119tych po\u017carem. Kiedy ten cel zosta\u0142 osi\u0105gni\u0119ty, zacz\u0119to dogasza\u0107 wn\u0119trze p\u0142on\u0105cych budynk\u00f3w. <\/p>\n<p>Z ich wn\u0119trza uda\u0142o si\u0119 uratowa\u0107 oko\u0142o 20 prosi\u0105t, cielaka i macior\u0119. W po\u017carze zgin\u0119\u0142y inne zwierz\u0119ta takie jak byki, prosi\u0119ta, maciory czy cielaki. <\/p>\n<p>Do szpitala zabrano w\u0142a\u015bciciela z uwagi na skutki zbyt du\u017cego stresu. <\/p>\n<div id='gallery-1' class='gallery galleryid-12817 gallery-columns-3 gallery-size-thumbnail'><figure class='gallery-item'>\n\t\t\t<div class='gallery-icon landscape'>\n\t\t\t\t<a href='https:\/\/ostrowskatv.pl\/?attachment_id=12816'><img loading=\"lazy\" decoding=\"async\" width=\"150\" height=\"150\" src=\"https:\/\/ostrowskatv.pl\/wp-content\/uploads\/2020\/09\/IMG_20200919_163410-01-150x150.jpeg\" class=\"attachment-thumbnail size-thumbnail\" alt=\"\" \/><\/a>\n\t\t\t<\/div><\/figure><figure class='gallery-item'>\n\t\t\t<div class='gallery-icon landscape'>\n\t\t\t\t<a href='https:\/\/ostrowskatv.pl\/?attachment_id=12815'><img loading=\"lazy\" decoding=\"async\" width=\"150\" height=\"150\" src=\"https:\/\/ostrowskatv.pl\/wp-content\/uploads\/2020\/09\/IMG_20200919_163226-01-150x150.jpeg\" class=\"attachment-thumbnail size-thumbnail\" alt=\"\" \/><\/a>\n\t\t\t<\/div><\/figure>\n\t\t<\/div>\n\n","protected":false},"excerpt":{"rendered":"W sobot\u0119 oko\u0142o godziny 15.30 zg\u0142oszono po\u017car dw\u00f3ch budynk\u00f3w gospodarczo-inwentarskich w miejscowo\u015bci Garki przy ul. Kr\u0119tej. Na miejsce zadysponowano oko\u0142o 15 zast\u0119p\u00f3w stra\u017cy \n<a class=\"moretag\" href=\"https:\/\/ostrowskatv.pl\/?p=12817\"> [...]<\/a>","protected":false},"author":1,"featured_media":12815,"comment_status":"open","ping_status":"closed","sticky":false,"template":"","format":"standard","meta":{"footnotes":""},"categories":[1],"tags":[204],"class_list":["post-12817","post","type-post","status-publish","format-standard","has-post-thumbnail","hentry","category-news","tag-garki"],"_links":{"self":[{"href":"https:\/\/ostrowskatv.pl\/index.php?rest_route=\/wp\/v2\/posts\/12817","targetHints":{"allow":["GET"]}}],"collection":[{"href":"https:\/\/ostrowskatv.pl\/index.php?rest_route=\/wp\/v2\/posts"}],"about":[{"href":"https:\/\/ostrowskatv.pl\/index.php?rest_route=\/wp\/v2\/types\/post"}],"author":[{"embeddable":true,"href":"https:\/\/ostrowskatv.pl\/index.php?rest_route=\/wp\/v2\/users\/1"}],"replies":[{"embeddable":true,"href":"https:\/\/ostrowskatv.pl\/index.php?rest_route=%2Fwp%2Fv2%2Fcomments&post=12817"}],"version-history":[{"count":0,"href":"https:\/\/ostrowskatv.pl\/index.php?rest_route=\/wp\/v2\/posts\/12817\/revisions"}],"wp:featuredmedia":[{"embeddable":true,"href":"https:\/\/ostrowskatv.pl\/index.php?rest_route=\/wp\/v2\/media\/12815"}],"wp:attachment":[{"href":"https:\/\/ostrowskatv.pl\/index.php?rest_route=%2Fwp%2Fv2%2Fmedia&parent=12817"}],"wp:term":[{"taxonomy":"category","embeddable":true,"href":"https:\/\/ostrowskatv.pl\/index.php?rest_route=%2Fwp%2Fv2%2Fcategories&post=12817"},{"taxonomy":"post_tag","embeddable":true,"href":"https:\/\/ostrowskatv.pl\/index.php?rest_route=%2Fwp%2Fv2%2Ftags&post=12817"}],"curies":[{"name":"wp","href":"https:\/\/api.w.org\/{rel}","templated":true}]}}