{"id":12773,"date":"2020-09-16T08:15:31","date_gmt":"2020-09-16T07:15:31","guid":{"rendered":"http:\/\/ostrowska.tv\/?p=12773"},"modified":"2020-09-16T08:40:07","modified_gmt":"2020-09-16T07:40:07","slug":"policjantka-zastrzelila-siebie-i-9-letniego-syna","status":"publish","type":"post","link":"https:\/\/ostrowskatv.pl\/?p=12773","title":{"rendered":"Policjantka zastrzeli\u0142a siebie i 9-letniego syna?"},"content":{"rendered":"<p><strong>Wszystko wskazuje na to, \u017ce w lesie k. Mi\u0105skowa dosz\u0142o do niewyobra\u017calnej tragedii. W g\u0142\u0119bi lasu znaleziono cia\u0142o 30-letniej policjantki oraz 9-letniego syna. Ze wst\u0119pnych ustale\u0144 wynika, \u017ce dosz\u0142o do rozszerzonego samob\u00f3jstwa. Kobieta mia\u0142a mie\u0107 przy sobie s\u0142u\u017cbow\u0105 bro\u0144. Ponad 5-letni\u0105 s\u0142u\u017cb\u0119 pe\u0142ni\u0142a w KPP Szamotu\u0142y, a na co dzie\u0144 mieszka\u0142a w powiecie \u015bredzkim.\u00a0<\/strong><\/p>\n<p>30-letnia policjantka wyjecha\u0142a z domu Oplem Cors\u0105 i we wtorek nie dotar\u0142a do pracy. Policjanci po otrzymaniu informacji rozpocz\u0119li poszukiwania na szerok\u0105 skal\u0119. Sprawdzano tak\u017ce tereny w powiecie ostrowskim. Oko\u0142o godziny 15.00 natrafiono na cia\u0142a kobiety i jej 9-letniego syna. Auto by\u0142o zaparkowane w bocznym, zaro\u015bni\u0119tym dukcie, a cia\u0142a le\u017ca\u0142y sto metr\u00f3w dalej w m\u0142odniku. Pozostawione plamy krwi, a tak\u017ce nieoficjalne informacje pozwalaj\u0105 przypuszcza\u0107, \u017ce obie ofiary mia\u0142y rany postrza\u0142owe i najprawdopodobniej dosz\u0142o do rozszerzonego samob\u00f3jstwa.<\/p>\n<p>Bliski zmar\u0142ej 7 lat temu r\u00f3wnie\u017c pope\u0142ni\u0142 samob\u00f3jstwo.<\/p>\n<div id='gallery-1' class='gallery galleryid-12773 gallery-columns-3 gallery-size-thumbnail'><figure class='gallery-item'>\n\t\t\t<div class='gallery-icon landscape'>\n\t\t\t\t<a href='https:\/\/ostrowskatv.pl\/?attachment_id=12778'><img loading=\"lazy\" decoding=\"async\" width=\"150\" height=\"150\" src=\"https:\/\/ostrowskatv.pl\/wp-content\/uploads\/2020\/09\/miaskowo02-150x150.jpeg\" class=\"attachment-thumbnail size-thumbnail\" alt=\"\" \/><\/a>\n\t\t\t<\/div><\/figure><figure class='gallery-item'>\n\t\t\t<div class='gallery-icon landscape'>\n\t\t\t\t<a href='https:\/\/ostrowskatv.pl\/?attachment_id=12777'><img loading=\"lazy\" decoding=\"async\" width=\"150\" height=\"150\" src=\"https:\/\/ostrowskatv.pl\/wp-content\/uploads\/2020\/09\/miaskowo01-150x150.jpeg\" class=\"attachment-thumbnail size-thumbnail\" alt=\"\" \/><\/a>\n\t\t\t<\/div><\/figure><figure class='gallery-item'>\n\t\t\t<div class='gallery-icon landscape'>\n\t\t\t\t<a href='https:\/\/ostrowskatv.pl\/?attachment_id=12776'><img loading=\"lazy\" decoding=\"async\" width=\"150\" height=\"150\" src=\"https:\/\/ostrowskatv.pl\/wp-content\/uploads\/2020\/09\/miaskowo05-150x150.jpeg\" class=\"attachment-thumbnail size-thumbnail\" alt=\"\" \/><\/a>\n\t\t\t<\/div><\/figure><figure class='gallery-item'>\n\t\t\t<div class='gallery-icon landscape'>\n\t\t\t\t<a href='https:\/\/ostrowskatv.pl\/?attachment_id=12774'><img loading=\"lazy\" decoding=\"async\" width=\"150\" height=\"150\" src=\"https:\/\/ostrowskatv.pl\/wp-content\/uploads\/2020\/09\/miaskowo_mapa-150x150.jpg\" class=\"attachment-thumbnail size-thumbnail\" alt=\"\" \/><\/a>\n\t\t\t<\/div><\/figure><figure class='gallery-item'>\n\t\t\t<div class='gallery-icon landscape'>\n\t\t\t\t<a href='https:\/\/ostrowskatv.pl\/?attachment_id=12780'><img loading=\"lazy\" decoding=\"async\" width=\"150\" height=\"150\" src=\"https:\/\/ostrowskatv.pl\/wp-content\/uploads\/2020\/09\/miaskowo04b-150x150.jpg\" class=\"attachment-thumbnail size-thumbnail\" alt=\"\" \/><\/a>\n\t\t\t<\/div><\/figure>\n\t\t<\/div>\n\n<p>&nbsp;<\/p>\n","protected":false},"excerpt":{"rendered":"Wszystko wskazuje na to, \u017ce w lesie k. Mi\u0105skowa dosz\u0142o do niewyobra\u017calnej tragedii. W g\u0142\u0119bi lasu znaleziono cia\u0142o 30-letniej policjantki oraz 9-letniego syna. \n<a class=\"moretag\" href=\"https:\/\/ostrowskatv.pl\/?p=12773\"> [...]<\/a>","protected":false},"author":1,"featured_media":12778,"comment_status":"open","ping_status":"closed","sticky":false,"template":"","format":"standard","meta":{"footnotes":""},"categories":[1],"tags":[2],"class_list":["post-12773","post","type-post","status-publish","format-standard","has-post-thumbnail","hentry","category-news","tag-ostrow-wielkopolski"],"_links":{"self":[{"href":"https:\/\/ostrowskatv.pl\/index.php?rest_route=\/wp\/v2\/posts\/12773","targetHints":{"allow":["GET"]}}],"collection":[{"href":"https:\/\/ostrowskatv.pl\/index.php?rest_route=\/wp\/v2\/posts"}],"about":[{"href":"https:\/\/ostrowskatv.pl\/index.php?rest_route=\/wp\/v2\/types\/post"}],"author":[{"embeddable":true,"href":"https:\/\/ostrowskatv.pl\/index.php?rest_route=\/wp\/v2\/users\/1"}],"replies":[{"embeddable":true,"href":"https:\/\/ostrowskatv.pl\/index.php?rest_route=%2Fwp%2Fv2%2Fcomments&post=12773"}],"version-history":[{"count":0,"href":"https:\/\/ostrowskatv.pl\/index.php?rest_route=\/wp\/v2\/posts\/12773\/revisions"}],"wp:featuredmedia":[{"embeddable":true,"href":"https:\/\/ostrowskatv.pl\/index.php?rest_route=\/wp\/v2\/media\/12778"}],"wp:attachment":[{"href":"https:\/\/ostrowskatv.pl\/index.php?rest_route=%2Fwp%2Fv2%2Fmedia&parent=12773"}],"wp:term":[{"taxonomy":"category","embeddable":true,"href":"https:\/\/ostrowskatv.pl\/index.php?rest_route=%2Fwp%2Fv2%2Fcategories&post=12773"},{"taxonomy":"post_tag","embeddable":true,"href":"https:\/\/ostrowskatv.pl\/index.php?rest_route=%2Fwp%2Fv2%2Ftags&post=12773"}],"curies":[{"name":"wp","href":"https:\/\/api.w.org\/{rel}","templated":true}]}}