{"id":12750,"date":"2020-09-09T08:44:52","date_gmt":"2020-09-09T07:44:52","guid":{"rendered":"http:\/\/ostrowska.tv\/?p=12750"},"modified":"2020-09-09T08:54:59","modified_gmt":"2020-09-09T07:54:59","slug":"zawozila-dziecko-do-przedszkola-wjechala-w-tyl-auta","status":"publish","type":"post","link":"https:\/\/ostrowskatv.pl\/?p=12750","title":{"rendered":"Zawozi\u0142a dziecko do przedszkola. Wjecha\u0142a w ty\u0142 auta"},"content":{"rendered":"<p><strong>Rano dosz\u0142o do kolizji na ulicy Krotoszy\u0144skiej przy skrzy\u017cowaniu z ulic\u0105 Traugutta w Ostrowie Wlkp. Kobieta kieruj\u0105c Oplem Cors\u0105 zawozi\u0142a dziecko do przedszkola. W wyniku rozkojarzenia si\u0119, wjecha\u0142a w ty\u0142 Peugeota.<\/strong><\/p>\n<p>Na miejsce zadysponowano 2 zast\u0119py stra\u017cy po\u017carnej, karetk\u0119 i policj\u0119. Po zbadaniu dziecka stwierdzono, \u017ce nic mu nie dolega. Sprawczyni\u0119 kolizji ukarano mandatem karnym.<\/p>\n<div id='gallery-1' class='gallery galleryid-12750 gallery-columns-3 gallery-size-thumbnail'><figure class='gallery-item'>\n\t\t\t<div class='gallery-icon landscape'>\n\t\t\t\t<a href='https:\/\/ostrowskatv.pl\/?attachment_id=12751'><img loading=\"lazy\" decoding=\"async\" width=\"150\" height=\"150\" src=\"https:\/\/ostrowskatv.pl\/wp-content\/uploads\/2020\/09\/IMG_20200909_081239-01-150x150.jpeg\" class=\"attachment-thumbnail size-thumbnail\" alt=\"\" \/><\/a>\n\t\t\t<\/div><\/figure><figure class='gallery-item'>\n\t\t\t<div class='gallery-icon landscape'>\n\t\t\t\t<a href='https:\/\/ostrowskatv.pl\/?attachment_id=12752'><img loading=\"lazy\" decoding=\"async\" width=\"150\" height=\"150\" src=\"https:\/\/ostrowskatv.pl\/wp-content\/uploads\/2020\/09\/IMG_20200909_081340-01-150x150.jpeg\" class=\"attachment-thumbnail size-thumbnail\" alt=\"\" \/><\/a>\n\t\t\t<\/div><\/figure><figure class='gallery-item'>\n\t\t\t<div class='gallery-icon landscape'>\n\t\t\t\t<a href='https:\/\/ostrowskatv.pl\/?attachment_id=12753'><img loading=\"lazy\" decoding=\"async\" width=\"150\" height=\"150\" src=\"https:\/\/ostrowskatv.pl\/wp-content\/uploads\/2020\/09\/IMG_20200909_081508-01-150x150.jpeg\" class=\"attachment-thumbnail size-thumbnail\" alt=\"\" \/><\/a>\n\t\t\t<\/div><\/figure>\n\t\t<\/div>\n\n","protected":false},"excerpt":{"rendered":"Rano dosz\u0142o do kolizji na ulicy Krotoszy\u0144skiej przy skrzy\u017cowaniu z ulic\u0105 Traugutta w Ostrowie Wlkp. Kobieta kieruj\u0105c Oplem Cors\u0105 zawozi\u0142a dziecko do przedszkola. \n<a class=\"moretag\" href=\"https:\/\/ostrowskatv.pl\/?p=12750\"> [...]<\/a>","protected":false},"author":1,"featured_media":12752,"comment_status":"open","ping_status":"closed","sticky":false,"template":"","format":"standard","meta":{"footnotes":""},"categories":[1],"tags":[2],"class_list":["post-12750","post","type-post","status-publish","format-standard","has-post-thumbnail","hentry","category-news","tag-ostrow-wielkopolski"],"_links":{"self":[{"href":"https:\/\/ostrowskatv.pl\/index.php?rest_route=\/wp\/v2\/posts\/12750","targetHints":{"allow":["GET"]}}],"collection":[{"href":"https:\/\/ostrowskatv.pl\/index.php?rest_route=\/wp\/v2\/posts"}],"about":[{"href":"https:\/\/ostrowskatv.pl\/index.php?rest_route=\/wp\/v2\/types\/post"}],"author":[{"embeddable":true,"href":"https:\/\/ostrowskatv.pl\/index.php?rest_route=\/wp\/v2\/users\/1"}],"replies":[{"embeddable":true,"href":"https:\/\/ostrowskatv.pl\/index.php?rest_route=%2Fwp%2Fv2%2Fcomments&post=12750"}],"version-history":[{"count":0,"href":"https:\/\/ostrowskatv.pl\/index.php?rest_route=\/wp\/v2\/posts\/12750\/revisions"}],"wp:featuredmedia":[{"embeddable":true,"href":"https:\/\/ostrowskatv.pl\/index.php?rest_route=\/wp\/v2\/media\/12752"}],"wp:attachment":[{"href":"https:\/\/ostrowskatv.pl\/index.php?rest_route=%2Fwp%2Fv2%2Fmedia&parent=12750"}],"wp:term":[{"taxonomy":"category","embeddable":true,"href":"https:\/\/ostrowskatv.pl\/index.php?rest_route=%2Fwp%2Fv2%2Fcategories&post=12750"},{"taxonomy":"post_tag","embeddable":true,"href":"https:\/\/ostrowskatv.pl\/index.php?rest_route=%2Fwp%2Fv2%2Ftags&post=12750"}],"curies":[{"name":"wp","href":"https:\/\/api.w.org\/{rel}","templated":true}]}}