{"id":12734,"date":"2020-09-07T17:28:27","date_gmt":"2020-09-07T16:28:27","guid":{"rendered":"http:\/\/ostrowska.tv\/?p=12734"},"modified":"2020-09-07T17:28:27","modified_gmt":"2020-09-07T16:28:27","slug":"osobowka-i-betoniarka-w-rowie","status":"publish","type":"post","link":"https:\/\/ostrowskatv.pl\/?p=12734","title":{"rendered":"Osob\u00f3wka i betoniarka w rowie"},"content":{"rendered":"<p><strong>Pod Ostrowem dosz\u0142o do dw\u00f3ch zdarze\u0144 drogowych, w wyniku kt\u00f3rych pojazdy wjecha\u0142y do rowu. Na obwodnicy Ostrowa kobieta kieruj\u0105ca Daewoo Kalos-em zahaczy\u0142a o kraw\u0119\u017cnik i wjecha\u0142a do przydro\u017cnego rowu. Zdarzenie mia\u0142o miejsce w pobli\u017cu Franklinowa. Kieruj\u0105cej nic si\u0119 nie sta\u0142o.<\/strong><\/p>\n<div id='gallery-1' class='gallery galleryid-12734 gallery-columns-3 gallery-size-thumbnail'><figure class='gallery-item'>\n\t\t\t<div class='gallery-icon landscape'>\n\t\t\t\t<a href='https:\/\/ostrowskatv.pl\/?attachment_id=12742'><img loading=\"lazy\" decoding=\"async\" width=\"150\" height=\"150\" src=\"https:\/\/ostrowskatv.pl\/wp-content\/uploads\/2020\/09\/119039160_4655621617788876_6909303363854884349_o-150x150.jpg\" class=\"attachment-thumbnail size-thumbnail\" alt=\"\" \/><\/a>\n\t\t\t<\/div><\/figure>\n\t\t<\/div>\n\n<p>W B\u0119dzieszynie kierowca betoniarki zjecha\u0142 na pobocze, w wyniku czego pojazd przewr\u00f3ci\u0142 si\u0119 na bok. Do jego wyci\u0105gni\u0119cia wykorzystano d\u017awig, a nast\u0119pnie specjalistyczny pojazd pomocy drogowej. Stra\u017cacy pomogli wyp\u0142uka\u0107 resztki betonu, a policja zabezpiecza\u0142a drog\u0119 na czas wyci\u0105gania betoniarki.<\/p>\n<div id='gallery-2' class='gallery galleryid-12734 gallery-columns-3 gallery-size-thumbnail'><figure class='gallery-item'>\n\t\t\t<div class='gallery-icon landscape'>\n\t\t\t\t<a href='https:\/\/ostrowskatv.pl\/?attachment_id=12741'><img loading=\"lazy\" decoding=\"async\" width=\"150\" height=\"150\" src=\"https:\/\/ostrowskatv.pl\/wp-content\/uploads\/2020\/09\/bedzieszyn-150x150.jpeg\" class=\"attachment-thumbnail size-thumbnail\" alt=\"\" \/><\/a>\n\t\t\t<\/div><\/figure><figure class='gallery-item'>\n\t\t\t<div class='gallery-icon portrait'>\n\t\t\t\t<a href='https:\/\/ostrowskatv.pl\/?attachment_id=12738'><img loading=\"lazy\" decoding=\"async\" width=\"150\" height=\"150\" src=\"https:\/\/ostrowskatv.pl\/wp-content\/uploads\/2020\/09\/IMG_20200907_165326-01-150x150.jpeg\" class=\"attachment-thumbnail size-thumbnail\" alt=\"\" \/><\/a>\n\t\t\t<\/div><\/figure><figure class='gallery-item'>\n\t\t\t<div class='gallery-icon landscape'>\n\t\t\t\t<a href='https:\/\/ostrowskatv.pl\/?attachment_id=12739'><img loading=\"lazy\" decoding=\"async\" width=\"150\" height=\"150\" src=\"https:\/\/ostrowskatv.pl\/wp-content\/uploads\/2020\/09\/IMG_20200907_170014-01-150x150.jpeg\" class=\"attachment-thumbnail size-thumbnail\" alt=\"\" \/><\/a>\n\t\t\t<\/div><\/figure><figure class='gallery-item'>\n\t\t\t<div class='gallery-icon landscape'>\n\t\t\t\t<a href='https:\/\/ostrowskatv.pl\/?attachment_id=12737'><img loading=\"lazy\" decoding=\"async\" width=\"150\" height=\"150\" src=\"https:\/\/ostrowskatv.pl\/wp-content\/uploads\/2020\/09\/IMG_20200907_153612-01-150x150.jpeg\" class=\"attachment-thumbnail size-thumbnail\" alt=\"\" \/><\/a>\n\t\t\t<\/div><\/figure>\n\t\t<\/div>\n\n","protected":false},"excerpt":{"rendered":"Pod Ostrowem dosz\u0142o do dw\u00f3ch zdarze\u0144 drogowych, w wyniku kt\u00f3rych pojazdy wjecha\u0142y do rowu. Na obwodnicy Ostrowa kobieta kieruj\u0105ca Daewoo Kalos-em zahaczy\u0142a o \n<a class=\"moretag\" href=\"https:\/\/ostrowskatv.pl\/?p=12734\"> [...]<\/a>","protected":false},"author":1,"featured_media":12737,"comment_status":"open","ping_status":"closed","sticky":false,"template":"","format":"standard","meta":{"footnotes":""},"categories":[1],"tags":[48],"class_list":["post-12734","post","type-post","status-publish","format-standard","has-post-thumbnail","hentry","category-news","tag-kolizja"],"_links":{"self":[{"href":"https:\/\/ostrowskatv.pl\/index.php?rest_route=\/wp\/v2\/posts\/12734","targetHints":{"allow":["GET"]}}],"collection":[{"href":"https:\/\/ostrowskatv.pl\/index.php?rest_route=\/wp\/v2\/posts"}],"about":[{"href":"https:\/\/ostrowskatv.pl\/index.php?rest_route=\/wp\/v2\/types\/post"}],"author":[{"embeddable":true,"href":"https:\/\/ostrowskatv.pl\/index.php?rest_route=\/wp\/v2\/users\/1"}],"replies":[{"embeddable":true,"href":"https:\/\/ostrowskatv.pl\/index.php?rest_route=%2Fwp%2Fv2%2Fcomments&post=12734"}],"version-history":[{"count":0,"href":"https:\/\/ostrowskatv.pl\/index.php?rest_route=\/wp\/v2\/posts\/12734\/revisions"}],"wp:featuredmedia":[{"embeddable":true,"href":"https:\/\/ostrowskatv.pl\/index.php?rest_route=\/wp\/v2\/media\/12737"}],"wp:attachment":[{"href":"https:\/\/ostrowskatv.pl\/index.php?rest_route=%2Fwp%2Fv2%2Fmedia&parent=12734"}],"wp:term":[{"taxonomy":"category","embeddable":true,"href":"https:\/\/ostrowskatv.pl\/index.php?rest_route=%2Fwp%2Fv2%2Fcategories&post=12734"},{"taxonomy":"post_tag","embeddable":true,"href":"https:\/\/ostrowskatv.pl\/index.php?rest_route=%2Fwp%2Fv2%2Ftags&post=12734"}],"curies":[{"name":"wp","href":"https:\/\/api.w.org\/{rel}","templated":true}]}}