{"id":12722,"date":"2020-09-06T10:41:46","date_gmt":"2020-09-06T09:41:46","guid":{"rendered":"http:\/\/ostrowska.tv\/?p=12722"},"modified":"2020-09-06T10:41:46","modified_gmt":"2020-09-06T09:41:46","slug":"co-znowu-wplynelo-na-piaski","status":"publish","type":"post","link":"https:\/\/ostrowskatv.pl\/?p=12722","title":{"rendered":"Co znowu wp\u0142yn\u0119\u0142o na Piaski?"},"content":{"rendered":"<p><strong>Woda o \u017c\u00f3\u0142tawym zabarwieniu wp\u0142ywa do ma\u0142ego zbiornika na ostrowskich Piaskach. Para spacerowicz\u00f3w zaalarmowa\u0142a policj\u0119 o mo\u017cliwym zanieczyszczeniu zbiornika. Na miejsce wys\u0142ano tak\u017ce zast\u0119p rozpoznania chemicznego z ostrowskiej komendy stra\u017cy po\u017carnej.<\/strong><\/p>\n<p>Woda nie mia\u0142a \u017cadnego podejrzanego zapachu sugeruj\u0105cego pochodzenie organiczne lub chemiczne. Dow\u00f3dca stra\u017cy po\u017carnej zako\u0144czy\u0142 dzia\u0142ania z tez\u0105 i\u017c jest to efekt w\u00f3d opadowych, po wczorajszym deszczu. Spacerowicze twierdz\u0105, \u017ce s\u0105 w tym miejscu co tydzie\u0144 i dawno nie widzieli wody o tym kolorze.<\/p>\n<p>Przemieszczaj\u0105c si\u0119 w g\u00f3r\u0119 nurtu w poszukiwaniu \u017ar\u00f3d\u0142a zanieczyszczenia wida\u0107, \u017ce ta barwa wody wyst\u0119puje we Franklinowie przy drodze na Stary Staw, w okolicy mostu nad dawn\u0105 drog\u0105 krajow\u0105, a tak\u017ce w okolicy jednej z firm. Tu\u017c za ni\u0105 znajduje si\u0119 staw, kt\u00f3re woda r\u00f3wnie\u017c ma ten sam kolor. Dopiero przed firm\u0105 p\u0142ynie ma\u0142y strumie\u0144 o widocznej poni\u017cej barwie.<\/p>\n<p>Czy jest to efekt zabrudzenia ziemi\u0105\/piaskiem\/glin\u0105 czy mo\u017ce czym\u015b innym? Tego nie stwierdzono.<\/p>\n<p>Przy okazji sprawdzili\u015bmy jak wygl\u0105da O\u0142obok na drugi dzie\u0144 po ulewie. Klarowno\u015b\u0107 jest bardzo du\u017ca. Przejrzysto\u015b\u0107 si\u0119ga do dna ok. 1 metra. Podobnie woda z oczyszczalni \u015bciek\u00f3w jest ca\u0142kowicie przejrzysta, a wzd\u0142u\u017c jej koryta \u017cerowa\u0142 barwny ptak Zimorodek.<\/p>\n<div id='gallery-1' class='gallery galleryid-12722 gallery-columns-3 gallery-size-thumbnail'><figure class='gallery-item'>\n\t\t\t<div class='gallery-icon landscape'>\n\t\t\t\t<a href='https:\/\/ostrowskatv.pl\/?attachment_id=12723'><img loading=\"lazy\" decoding=\"async\" width=\"150\" height=\"150\" src=\"https:\/\/ostrowskatv.pl\/wp-content\/uploads\/2020\/09\/woda_franklinow_01-150x150.jpg\" class=\"attachment-thumbnail size-thumbnail\" alt=\"\" \/><\/a>\n\t\t\t<\/div><\/figure><figure class='gallery-item'>\n\t\t\t<div class='gallery-icon landscape'>\n\t\t\t\t<a href='https:\/\/ostrowskatv.pl\/?attachment_id=12724'><img loading=\"lazy\" decoding=\"async\" width=\"150\" height=\"150\" src=\"https:\/\/ostrowskatv.pl\/wp-content\/uploads\/2020\/09\/woda_franklinow_02-150x150.jpg\" class=\"attachment-thumbnail size-thumbnail\" alt=\"\" \/><\/a>\n\t\t\t<\/div><\/figure><figure class='gallery-item'>\n\t\t\t<div class='gallery-icon landscape'>\n\t\t\t\t<a href='https:\/\/ostrowskatv.pl\/?attachment_id=12725'><img loading=\"lazy\" decoding=\"async\" width=\"150\" height=\"150\" src=\"https:\/\/ostrowskatv.pl\/wp-content\/uploads\/2020\/09\/woda_franklinow_04-150x150.jpg\" class=\"attachment-thumbnail size-thumbnail\" alt=\"\" \/><\/a>\n\t\t\t<\/div><\/figure><figure class='gallery-item'>\n\t\t\t<div class='gallery-icon landscape'>\n\t\t\t\t<a href='https:\/\/ostrowskatv.pl\/?attachment_id=12726'><img loading=\"lazy\" decoding=\"async\" width=\"150\" height=\"150\" src=\"https:\/\/ostrowskatv.pl\/wp-content\/uploads\/2020\/09\/woda_franklinow_05-150x150.jpg\" class=\"attachment-thumbnail size-thumbnail\" alt=\"\" \/><\/a>\n\t\t\t<\/div><\/figure><figure class='gallery-item'>\n\t\t\t<div class='gallery-icon landscape'>\n\t\t\t\t<a href='https:\/\/ostrowskatv.pl\/?attachment_id=12727'><img loading=\"lazy\" decoding=\"async\" width=\"150\" height=\"150\" src=\"https:\/\/ostrowskatv.pl\/wp-content\/uploads\/2020\/09\/woda_franklinow_07-150x150.jpg\" class=\"attachment-thumbnail size-thumbnail\" alt=\"\" \/><\/a>\n\t\t\t<\/div><\/figure><figure class='gallery-item'>\n\t\t\t<div class='gallery-icon landscape'>\n\t\t\t\t<a href='https:\/\/ostrowskatv.pl\/?attachment_id=12728'><img loading=\"lazy\" decoding=\"async\" width=\"150\" height=\"150\" src=\"https:\/\/ostrowskatv.pl\/wp-content\/uploads\/2020\/09\/woda_franklinow_08-150x150.jpg\" class=\"attachment-thumbnail size-thumbnail\" alt=\"\" \/><\/a>\n\t\t\t<\/div><\/figure><figure class='gallery-item'>\n\t\t\t<div class='gallery-icon landscape'>\n\t\t\t\t<a href='https:\/\/ostrowskatv.pl\/?attachment_id=12729'><img loading=\"lazy\" decoding=\"async\" width=\"150\" height=\"150\" src=\"https:\/\/ostrowskatv.pl\/wp-content\/uploads\/2020\/09\/woda_franklinow_09-150x150.jpg\" class=\"attachment-thumbnail size-thumbnail\" alt=\"\" \/><\/a>\n\t\t\t<\/div><\/figure><figure class='gallery-item'>\n\t\t\t<div class='gallery-icon landscape'>\n\t\t\t\t<a href='https:\/\/ostrowskatv.pl\/?attachment_id=12730'><img loading=\"lazy\" decoding=\"async\" width=\"150\" height=\"150\" src=\"https:\/\/ostrowskatv.pl\/wp-content\/uploads\/2020\/09\/woda_franklinow_09b-150x150.jpg\" class=\"attachment-thumbnail size-thumbnail\" alt=\"\" \/><\/a>\n\t\t\t<\/div><\/figure><figure class='gallery-item'>\n\t\t\t<div class='gallery-icon portrait'>\n\t\t\t\t<a href='https:\/\/ostrowskatv.pl\/?attachment_id=12731'><img loading=\"lazy\" decoding=\"async\" width=\"150\" height=\"150\" src=\"https:\/\/ostrowskatv.pl\/wp-content\/uploads\/2020\/09\/woda_franklinow_10-150x150.jpg\" class=\"attachment-thumbnail size-thumbnail\" alt=\"\" \/><\/a>\n\t\t\t<\/div><\/figure><figure class='gallery-item'>\n\t\t\t<div class='gallery-icon landscape'>\n\t\t\t\t<a href='https:\/\/ostrowskatv.pl\/?attachment_id=12732'><img loading=\"lazy\" decoding=\"async\" width=\"150\" height=\"150\" src=\"https:\/\/ostrowskatv.pl\/wp-content\/uploads\/2020\/09\/woda_franklinow_11-150x150.jpg\" class=\"attachment-thumbnail size-thumbnail\" alt=\"\" \/><\/a>\n\t\t\t<\/div><\/figure>\n\t\t<\/div>\n\n","protected":false},"excerpt":{"rendered":"Woda o \u017c\u00f3\u0142tawym zabarwieniu wp\u0142ywa do ma\u0142ego zbiornika na ostrowskich Piaskach. Para spacerowicz\u00f3w zaalarmowa\u0142a policj\u0119 o mo\u017cliwym zanieczyszczeniu zbiornika. Na miejsce wys\u0142ano tak\u017ce \n<a class=\"moretag\" href=\"https:\/\/ostrowskatv.pl\/?p=12722\"> [...]<\/a>","protected":false},"author":1,"featured_media":12723,"comment_status":"open","ping_status":"closed","sticky":false,"template":"","format":"standard","meta":{"footnotes":""},"categories":[1],"tags":[203],"class_list":["post-12722","post","type-post","status-publish","format-standard","has-post-thumbnail","hentry","category-news","tag-rzeka"],"_links":{"self":[{"href":"https:\/\/ostrowskatv.pl\/index.php?rest_route=\/wp\/v2\/posts\/12722","targetHints":{"allow":["GET"]}}],"collection":[{"href":"https:\/\/ostrowskatv.pl\/index.php?rest_route=\/wp\/v2\/posts"}],"about":[{"href":"https:\/\/ostrowskatv.pl\/index.php?rest_route=\/wp\/v2\/types\/post"}],"author":[{"embeddable":true,"href":"https:\/\/ostrowskatv.pl\/index.php?rest_route=\/wp\/v2\/users\/1"}],"replies":[{"embeddable":true,"href":"https:\/\/ostrowskatv.pl\/index.php?rest_route=%2Fwp%2Fv2%2Fcomments&post=12722"}],"version-history":[{"count":0,"href":"https:\/\/ostrowskatv.pl\/index.php?rest_route=\/wp\/v2\/posts\/12722\/revisions"}],"wp:featuredmedia":[{"embeddable":true,"href":"https:\/\/ostrowskatv.pl\/index.php?rest_route=\/wp\/v2\/media\/12723"}],"wp:attachment":[{"href":"https:\/\/ostrowskatv.pl\/index.php?rest_route=%2Fwp%2Fv2%2Fmedia&parent=12722"}],"wp:term":[{"taxonomy":"category","embeddable":true,"href":"https:\/\/ostrowskatv.pl\/index.php?rest_route=%2Fwp%2Fv2%2Fcategories&post=12722"},{"taxonomy":"post_tag","embeddable":true,"href":"https:\/\/ostrowskatv.pl\/index.php?rest_route=%2Fwp%2Fv2%2Ftags&post=12722"}],"curies":[{"name":"wp","href":"https:\/\/api.w.org\/{rel}","templated":true}]}}