{"id":12714,"date":"2020-09-05T16:50:32","date_gmt":"2020-09-05T15:50:32","guid":{"rendered":"http:\/\/ostrowska.tv\/?p=12714"},"modified":"2020-09-05T17:05:29","modified_gmt":"2020-09-05T16:05:29","slug":"czy-ich-siostry-sa-ofiarami-pandemii-bez-koronawirusa","status":"publish","type":"post","link":"https:\/\/ostrowskatv.pl\/?p=12714","title":{"rendered":"Czy ich siostry s\u0105 ofiarami pandemii bez koronawirusa?"},"content":{"rendered":"<p><strong>Klaudia i \u017baneta s\u0105 pogr\u0105\u017cone w \u017ca\u0142obie po \u015bmierci swoich si\u00f3str. Obie szuka\u0142y pomocy w ostrzeszowskiej s\u0142u\u017cbie zdrowia. Niestety m\u0142ode kobiety odesz\u0142y z tego \u015bwiata zbyt wcze\u015bnie. Cho\u0107 post\u0119powanie prokuratorskie nadal trwa, nale\u017cy zastanowi\u0107 si\u0119 czy obie m\u0142ode kobiety s\u0105 ofiarami pandemii bez koronawirusa.<\/strong><\/p>\n<p><strong>\u015amier\u0107 \u017banety, b\u0119d\u0105cej w ci\u0105\u017cy<\/strong><\/p>\n<p>Pierwsza tragiczna \u015bmier\u0107 dotyczy\u0142a 28-letniej \u017banety, kt\u00f3ra spodziewa\u0142a si\u0119 pierwszego dziecka. Mia\u0142a z\u0142udne szcz\u0119\u015bcie, bo przyj\u0119to j\u0105 co prawda na izb\u0119 przyj\u0119\u0107, ale od pocz\u0105tku by\u0142a podejrzewana o zara\u017cenie koronawirusem. Powodem by\u0142y wyst\u0119puj\u0105ce u niej duszno\u015bci. Po prze\u015bwietleniu klatki piersiowej, nie potwierdzono charakterystycznych zmian dla COVID-19. Zreszt\u0105 p\u00f3\u017aniejszy wynik testu wymazowego na obecno\u015b\u0107 wirusa r\u00f3wnie\u017c okaza\u0142 si\u0119 ujemny.<\/p>\n<blockquote><p>&#8211; Mam wra\u017cenie, \u017ce kiedy moja siostra \u017baneta trafi\u0142a do ostrzeszowskiego szpitala, to lekarze tak jakby jej si\u0119 bali, bo mia\u0142a objawy podobne do COVID-19. P\u00f3\u017aniej okaza\u0142o si\u0119, \u017ce siostra nie mia\u0142a koronawirusa. &#8211; powiedzia\u0142a Klaudia, siostra zmar\u0142ej \u017banety.<\/p><\/blockquote>\n<p>To co nie zosta\u0142o uwypuklone w mediach to fakt, \u017ce ostrzeszowski szpital nie ma ani Szpitalnego Oddzia\u0142u Ratunkowego ani te\u017c oddzia\u0142u intensywnej terapii. Ale ma natomiast podpisan\u0105 umow\u0119 z k\u0119pi\u0144skim szpitalem na przekazywanie ci\u0119\u017cej chorych pacjent\u00f3w. Tym razem oficjalny kontakt z k\u0119pi\u0144sk\u0105 plac\u00f3wk\u0105 mia\u0142 nast\u0105pi\u0107 po kilku godzinach, gdy w\u0142a\u015bciwie ostrowski szpital da\u0142 ju\u017c zielone \u015bwiat\u0142o na przyj\u0119cie \u017banety. Tajemnic\u0105 Poliszynela jest, \u017ce lokalne plac\u00f3wki medyczne staraj\u0105 si\u0119\u00a0 wysy\u0142a\u0107 \u017ale rokuj\u0105cych pacjent\u00f3w do szpitali o wy\u017cszym stopniu referencyjno\u015bci. Niekt\u00f3rzy pacjenci umieraj\u0105 podczas transportu lub kr\u00f3tko po. \u017baneta na pomoc czeka\u0142a oko\u0142o 7 godzin. W mi\u0119dzyczasie szukano dla niej miejsca w Ostrowie, Kaliszu, a tak\u017ce w dw\u00f3ch szpitalach w Poznaniu.<\/p>\n<p><strong>\u015amier\u0107 Agnieszki, matki trojga ma\u0142ych dzieci<\/strong><\/p>\n<p>Agnieszka zmar\u0142a ponad 3 tygodnie p\u00f3\u017aniej, osieracaj\u0105c tr\u00f3jk\u0119 dzieci. W jej przypadku kluczowa mog\u0142a by\u0107 diagnostyka przez domofon, a tak\u017ce zamkni\u0119te, szklane drzwi. Na drugi dzie\u0144, gdy wezwano karetk\u0119, pomoc szpitalna okaza\u0142a si\u0119 sp\u00f3\u017aniona. Od pocz\u0105tku pandemii lekarze rodzinni schowali si\u0119 za tzw. teleporad\u0105. Internauci zauwa\u017caj\u0105 jednak, \u017ce ci sami lekarze ch\u0119tnie przyjmuj\u0105 w prywatnych gabinetach, co logiczne, za op\u0142at\u0105. Wieczorynka w Ostrzeszowskim Centrum Zdrowia r\u00f3wnie\u017c by\u0142a zorganizowana w spos\u00f3b uniemo\u017cliwiaj\u0105cy zbadanie pacjentki. Agnieszka (35 lat) uskar\u017ca\u0142a si\u0119 na b\u00f3l w dolnym odcinku plec\u00f3w, ale wiele wskazuje, \u017ce nie by\u0142 to b\u00f3l pochodz\u0105cy od kr\u0119gos\u0142upa, a b\u00f3l nerek, kt\u00f3rych mia\u0142a nast\u0105pi\u0107 niewydolno\u015b\u0107. Bowiem bezpo\u015brednio przed \u015bmierci\u0105 stwierdzono zaburzenie gospodarki wodno-elektrolitowej.<\/p>\n<blockquote><p>&#8211; Ta pandemia ju\u017c trwa przecie\u017c jaki\u015b czas. Lekarze s\u0105 ju\u017c do niej przygotowani, bo maj\u0105 stroje, maseczki. Moja siostra r\u00f3wnie\u017c mia\u0142a maseczk\u0119, wi\u0119c co sta\u0142o na przeszkodzie, \u017ceby normalnie j\u0105 zbada\u0107? &#8211; zastanawia si\u0119 \u017baneta, siostra zmar\u0142ej Agnieszki.<\/p><\/blockquote>\n<p>Wst\u0119pne wyniki sekcji zw\u0142ok nie pozwoli\u0142y ustali\u0107 ostatecznych przyczyn \u015bmierci. Obie nie mia\u0142y koronawirusa SARS-CoV-2.<\/p>\n<p>Ostrzeszowskie w\u0142adze odwo\u0142a\u0142y Rad\u0119 Nadzorcz\u0105 szpitala, ale jak nietrudno si\u0119 domy\u015bli\u0107, to nie jej przedstawiciele przyjmowali i leczyli zmar\u0142e kobiety.<\/p>\n","protected":false},"excerpt":{"rendered":"Klaudia i \u017baneta s\u0105 pogr\u0105\u017cone w \u017ca\u0142obie po \u015bmierci swoich si\u00f3str. Obie szuka\u0142y pomocy w ostrzeszowskiej s\u0142u\u017cbie zdrowia. Niestety m\u0142ode kobiety odesz\u0142y z \n<a class=\"moretag\" href=\"https:\/\/ostrowskatv.pl\/?p=12714\"> [...]<\/a>","protected":false},"author":1,"featured_media":12715,"comment_status":"open","ping_status":"closed","sticky":false,"template":"","format":"standard","meta":{"footnotes":""},"categories":[1],"tags":[12],"class_list":["post-12714","post","type-post","status-publish","format-standard","has-post-thumbnail","hentry","category-news","tag-smierc"],"_links":{"self":[{"href":"https:\/\/ostrowskatv.pl\/index.php?rest_route=\/wp\/v2\/posts\/12714","targetHints":{"allow":["GET"]}}],"collection":[{"href":"https:\/\/ostrowskatv.pl\/index.php?rest_route=\/wp\/v2\/posts"}],"about":[{"href":"https:\/\/ostrowskatv.pl\/index.php?rest_route=\/wp\/v2\/types\/post"}],"author":[{"embeddable":true,"href":"https:\/\/ostrowskatv.pl\/index.php?rest_route=\/wp\/v2\/users\/1"}],"replies":[{"embeddable":true,"href":"https:\/\/ostrowskatv.pl\/index.php?rest_route=%2Fwp%2Fv2%2Fcomments&post=12714"}],"version-history":[{"count":0,"href":"https:\/\/ostrowskatv.pl\/index.php?rest_route=\/wp\/v2\/posts\/12714\/revisions"}],"wp:featuredmedia":[{"embeddable":true,"href":"https:\/\/ostrowskatv.pl\/index.php?rest_route=\/wp\/v2\/media\/12715"}],"wp:attachment":[{"href":"https:\/\/ostrowskatv.pl\/index.php?rest_route=%2Fwp%2Fv2%2Fmedia&parent=12714"}],"wp:term":[{"taxonomy":"category","embeddable":true,"href":"https:\/\/ostrowskatv.pl\/index.php?rest_route=%2Fwp%2Fv2%2Fcategories&post=12714"},{"taxonomy":"post_tag","embeddable":true,"href":"https:\/\/ostrowskatv.pl\/index.php?rest_route=%2Fwp%2Fv2%2Ftags&post=12714"}],"curies":[{"name":"wp","href":"https:\/\/api.w.org\/{rel}","templated":true}]}}