{"id":12709,"date":"2020-09-04T15:42:07","date_gmt":"2020-09-04T14:42:07","guid":{"rendered":"http:\/\/ostrowska.tv\/?p=12709"},"modified":"2020-09-04T15:42:07","modified_gmt":"2020-09-04T14:42:07","slug":"czy-nowe-kamienne-plyty-odzyskaja-blask","status":"publish","type":"post","link":"https:\/\/ostrowskatv.pl\/?p=12709","title":{"rendered":"Czy nowe kamienne p\u0142yty odzyskaj\u0105 blask?"},"content":{"rendered":"<p><strong>Przez ostatnie miesi\u0105ce trwa\u0142o k\u0142adzenie nowych kamiennych p\u0142yt na ostrowskim deptaku. Te maj\u0105 jasn\u0105 barw\u0119 i mia\u0142y by\u0107 warto\u015bci\u0105 dodan\u0105 w przeprowadzanej rewitalizacji. Zanim dokonano odbior\u00f3w przez urz\u0119dnik\u00f3w, p\u0142yty s\u0105 ju\u017c niestety ubrudzone olejem silnikowym i innymi plamami. Dodatkowo wielu mieszka\u0144c\u00f3w zauwa\u017ca nier\u00f3wno\u015bci po ich u\u0142o\u017ceniu.<\/strong><\/p>\n<p>Dzi\u015b w godzinach porannych maszyna czy\u015bci\u0142a p\u0142yty z zabrudze\u0144 typu b\u0142oto, jedzenie czy ptasie odchody, ale na pr\u00f3b\u0119 usuni\u0119cia olejowych plam przyjdzie jeszcze poczeka\u0107. Zdaniem przedstawicieli miasta do usuni\u0119cia najpowa\u017cniejszych plam zostan\u0105 wykorzystane \u015brodki chemiczne. Koniec inwestycji zaplanowano na prze\u0142om pa\u017adziernika i listopada. Wkr\u00f3tce si\u0119 przekonamy czy nawierzchnia zostanie doprowadzona do odpowiedniego stanu.<\/p>\n<div id='gallery-1' class='gallery galleryid-12709 gallery-columns-3 gallery-size-thumbnail'><figure class='gallery-item'>\n\t\t\t<div class='gallery-icon landscape'>\n\t\t\t\t<a href='https:\/\/ostrowskatv.pl\/?attachment_id=12708'><img loading=\"lazy\" decoding=\"async\" width=\"150\" height=\"150\" src=\"https:\/\/ostrowskatv.pl\/wp-content\/uploads\/2020\/09\/IMG_20200904_085716-01-150x150.jpeg\" class=\"attachment-thumbnail size-thumbnail\" alt=\"\" \/><\/a>\n\t\t\t<\/div><\/figure><figure class='gallery-item'>\n\t\t\t<div class='gallery-icon landscape'>\n\t\t\t\t<a href='https:\/\/ostrowskatv.pl\/?attachment_id=12707'><img loading=\"lazy\" decoding=\"async\" width=\"150\" height=\"150\" src=\"https:\/\/ostrowskatv.pl\/wp-content\/uploads\/2020\/09\/IMG_20200904_085712-01-150x150.jpeg\" class=\"attachment-thumbnail size-thumbnail\" alt=\"\" \/><\/a>\n\t\t\t<\/div><\/figure><figure class='gallery-item'>\n\t\t\t<div class='gallery-icon landscape'>\n\t\t\t\t<a href='https:\/\/ostrowskatv.pl\/?attachment_id=12706'><img loading=\"lazy\" decoding=\"async\" width=\"150\" height=\"150\" src=\"https:\/\/ostrowskatv.pl\/wp-content\/uploads\/2020\/09\/IMG_20200904_085738-01-150x150.jpeg\" class=\"attachment-thumbnail size-thumbnail\" alt=\"\" \/><\/a>\n\t\t\t<\/div><\/figure><figure class='gallery-item'>\n\t\t\t<div class='gallery-icon landscape'>\n\t\t\t\t<a href='https:\/\/ostrowskatv.pl\/?attachment_id=12705'><img loading=\"lazy\" decoding=\"async\" width=\"150\" height=\"150\" src=\"https:\/\/ostrowskatv.pl\/wp-content\/uploads\/2020\/09\/IMG_20200904_085653-01-150x150.jpeg\" class=\"attachment-thumbnail size-thumbnail\" alt=\"\" \/><\/a>\n\t\t\t<\/div><\/figure><figure class='gallery-item'>\n\t\t\t<div class='gallery-icon landscape'>\n\t\t\t\t<a href='https:\/\/ostrowskatv.pl\/?attachment_id=12704'><img loading=\"lazy\" decoding=\"async\" width=\"150\" height=\"150\" src=\"https:\/\/ostrowskatv.pl\/wp-content\/uploads\/2020\/09\/IMG_20200904_085635-01-150x150.jpeg\" class=\"attachment-thumbnail size-thumbnail\" alt=\"\" \/><\/a>\n\t\t\t<\/div><\/figure>\n\t\t<\/div>\n\n","protected":false},"excerpt":{"rendered":"Przez ostatnie miesi\u0105ce trwa\u0142o k\u0142adzenie nowych kamiennych p\u0142yt na ostrowskim deptaku. Te maj\u0105 jasn\u0105 barw\u0119 i mia\u0142y by\u0107 warto\u015bci\u0105 dodan\u0105 w przeprowadzanej rewitalizacji. \n<a class=\"moretag\" href=\"https:\/\/ostrowskatv.pl\/?p=12709\"> [...]<\/a>","protected":false},"author":1,"featured_media":12708,"comment_status":"open","ping_status":"closed","sticky":false,"template":"","format":"standard","meta":{"footnotes":""},"categories":[1],"tags":[2],"class_list":["post-12709","post","type-post","status-publish","format-standard","has-post-thumbnail","hentry","category-news","tag-ostrow-wielkopolski"],"_links":{"self":[{"href":"https:\/\/ostrowskatv.pl\/index.php?rest_route=\/wp\/v2\/posts\/12709","targetHints":{"allow":["GET"]}}],"collection":[{"href":"https:\/\/ostrowskatv.pl\/index.php?rest_route=\/wp\/v2\/posts"}],"about":[{"href":"https:\/\/ostrowskatv.pl\/index.php?rest_route=\/wp\/v2\/types\/post"}],"author":[{"embeddable":true,"href":"https:\/\/ostrowskatv.pl\/index.php?rest_route=\/wp\/v2\/users\/1"}],"replies":[{"embeddable":true,"href":"https:\/\/ostrowskatv.pl\/index.php?rest_route=%2Fwp%2Fv2%2Fcomments&post=12709"}],"version-history":[{"count":0,"href":"https:\/\/ostrowskatv.pl\/index.php?rest_route=\/wp\/v2\/posts\/12709\/revisions"}],"wp:featuredmedia":[{"embeddable":true,"href":"https:\/\/ostrowskatv.pl\/index.php?rest_route=\/wp\/v2\/media\/12708"}],"wp:attachment":[{"href":"https:\/\/ostrowskatv.pl\/index.php?rest_route=%2Fwp%2Fv2%2Fmedia&parent=12709"}],"wp:term":[{"taxonomy":"category","embeddable":true,"href":"https:\/\/ostrowskatv.pl\/index.php?rest_route=%2Fwp%2Fv2%2Fcategories&post=12709"},{"taxonomy":"post_tag","embeddable":true,"href":"https:\/\/ostrowskatv.pl\/index.php?rest_route=%2Fwp%2Fv2%2Ftags&post=12709"}],"curies":[{"name":"wp","href":"https:\/\/api.w.org\/{rel}","templated":true}]}}