{"id":12673,"date":"2020-08-29T16:09:52","date_gmt":"2020-08-29T15:09:52","guid":{"rendered":"http:\/\/ostrowska.tv\/?p=12673"},"modified":"2020-08-29T16:11:10","modified_gmt":"2020-08-29T15:11:10","slug":"zderzenie-volkswagena-i-opla-na-al-slowackiego","status":"publish","type":"post","link":"https:\/\/ostrowskatv.pl\/?p=12673","title":{"rendered":"Zderzenie Volkswagena i Opla na Al. S\u0142owackiego. Sprawca pijany"},"content":{"rendered":"<p><strong>Na skrzy\u017cowaniu Alei S\u0142owackiego i Kr. Jadwigi w Ostrowie Wielkopolskim dosz\u0142o do zderzenia dw\u00f3ch aut osobowych. Volkswagen Golf zderzy\u0142 si\u0119 z Oplem. <\/strong><\/p>\n<p>Jednym autem podr\u00f3\u017cowa\u0142a kobieta, a drugim dw\u00f3ch m\u0119\u017cczyzn. Jeden z nich skaleczy\u0142 si\u0119 w r\u0119k\u0119. <\/p>\n<p>Bezpo\u015brednio po zdarzeniu zacz\u0105\u0142 si\u0119 pali\u0107 Opel. Dzi\u0119ki u\u017cyciu ga\u015bnic uda\u0142o si\u0119 opanowa\u0107 sytuacj\u0119. <\/p>\n<p>Policjanci po przebadaniu kierowcy Golfa stwierdzili 0,6 promila w wydychanym powietrzu. <\/p>\n<div id='gallery-1' class='gallery galleryid-12673 gallery-columns-3 gallery-size-thumbnail'><figure class='gallery-item'>\n\t\t\t<div class='gallery-icon landscape'>\n\t\t\t\t<a href='https:\/\/ostrowskatv.pl\/?attachment_id=12674'><img loading=\"lazy\" decoding=\"async\" width=\"150\" height=\"150\" src=\"https:\/\/ostrowskatv.pl\/wp-content\/uploads\/2020\/08\/IMG_20200829_162753-01-150x150.jpeg\" class=\"attachment-thumbnail size-thumbnail\" alt=\"\" \/><\/a>\n\t\t\t<\/div><\/figure><figure class='gallery-item'>\n\t\t\t<div class='gallery-icon landscape'>\n\t\t\t\t<a href='https:\/\/ostrowskatv.pl\/?attachment_id=12675'><img loading=\"lazy\" decoding=\"async\" width=\"150\" height=\"150\" src=\"https:\/\/ostrowskatv.pl\/wp-content\/uploads\/2020\/08\/IMG_20200829_162650-01-150x150.jpeg\" class=\"attachment-thumbnail size-thumbnail\" alt=\"\" \/><\/a>\n\t\t\t<\/div><\/figure><figure class='gallery-item'>\n\t\t\t<div class='gallery-icon landscape'>\n\t\t\t\t<a href='https:\/\/ostrowskatv.pl\/?attachment_id=12676'><img loading=\"lazy\" decoding=\"async\" width=\"150\" height=\"150\" src=\"https:\/\/ostrowskatv.pl\/wp-content\/uploads\/2020\/08\/slowac3-150x150.jpeg\" class=\"attachment-thumbnail size-thumbnail\" alt=\"\" \/><\/a>\n\t\t\t<\/div><\/figure>\n\t\t<\/div>\n\n","protected":false},"excerpt":{"rendered":"Na skrzy\u017cowaniu Alei S\u0142owackiego i Kr. Jadwigi w Ostrowie Wielkopolskim dosz\u0142o do zderzenia dw\u00f3ch aut osobowych. Volkswagen Golf zderzy\u0142 si\u0119 z Oplem. Jednym \n<a class=\"moretag\" href=\"https:\/\/ostrowskatv.pl\/?p=12673\"> [...]<\/a>","protected":false},"author":1,"featured_media":12674,"comment_status":"open","ping_status":"closed","sticky":false,"template":"","format":"standard","meta":{"footnotes":""},"categories":[1],"tags":[2],"class_list":["post-12673","post","type-post","status-publish","format-standard","has-post-thumbnail","hentry","category-news","tag-ostrow-wielkopolski"],"_links":{"self":[{"href":"https:\/\/ostrowskatv.pl\/index.php?rest_route=\/wp\/v2\/posts\/12673","targetHints":{"allow":["GET"]}}],"collection":[{"href":"https:\/\/ostrowskatv.pl\/index.php?rest_route=\/wp\/v2\/posts"}],"about":[{"href":"https:\/\/ostrowskatv.pl\/index.php?rest_route=\/wp\/v2\/types\/post"}],"author":[{"embeddable":true,"href":"https:\/\/ostrowskatv.pl\/index.php?rest_route=\/wp\/v2\/users\/1"}],"replies":[{"embeddable":true,"href":"https:\/\/ostrowskatv.pl\/index.php?rest_route=%2Fwp%2Fv2%2Fcomments&post=12673"}],"version-history":[{"count":0,"href":"https:\/\/ostrowskatv.pl\/index.php?rest_route=\/wp\/v2\/posts\/12673\/revisions"}],"wp:featuredmedia":[{"embeddable":true,"href":"https:\/\/ostrowskatv.pl\/index.php?rest_route=\/wp\/v2\/media\/12674"}],"wp:attachment":[{"href":"https:\/\/ostrowskatv.pl\/index.php?rest_route=%2Fwp%2Fv2%2Fmedia&parent=12673"}],"wp:term":[{"taxonomy":"category","embeddable":true,"href":"https:\/\/ostrowskatv.pl\/index.php?rest_route=%2Fwp%2Fv2%2Fcategories&post=12673"},{"taxonomy":"post_tag","embeddable":true,"href":"https:\/\/ostrowskatv.pl\/index.php?rest_route=%2Fwp%2Fv2%2Ftags&post=12673"}],"curies":[{"name":"wp","href":"https:\/\/api.w.org\/{rel}","templated":true}]}}