{"id":12659,"date":"2020-08-28T08:16:25","date_gmt":"2020-08-28T07:16:25","guid":{"rendered":"http:\/\/ostrowska.tv\/?p=12659"},"modified":"2020-08-28T08:16:25","modified_gmt":"2020-08-28T07:16:25","slug":"zderzenie-suzuki-i-peugeota-przy-cmentarzu","status":"publish","type":"post","link":"https:\/\/ostrowskatv.pl\/?p=12659","title":{"rendered":"Zderzenie Suzuki i Peugeota przy cmentarzu"},"content":{"rendered":"<p><strong>M\u0142oda kieruj\u0105ca wyjecha\u0142a samochodem marki Suzuki z parkingu znajduj\u0105cego si\u0119 przy ul. Limanowskiego i wjecha\u0142a wprost pod Peugeota Partnera. W autach wystrzeli\u0142y poduszki powietrzne. Jeden z m\u0119\u017cczyzn jad\u0105cych Peugeotem uskar\u017ca\u0142 si\u0119 na b\u00f3l r\u0119ki. Na miejsce wys\u0142ano 1 patrol policji oraz 2 wozy stra\u017cy po\u017carnej.<\/strong><\/p>\n<p>Wyjazd z parkingu znajduj\u0105cego si\u0119 przy cmentarzu jest do\u015b\u0107 k\u0142opotliwy. W tym celu postawiono lustro maj\u0105ce zwi\u0119ksza\u0107 widoczno\u015b\u0107 nadje\u017cd\u017caj\u0105cych pojazd\u00f3w, jednak\u017ce niewielu kierowc\u00f3w z niego korzysta.<\/p>\n<p>Stra\u017cacy po przyje\u017adzie na miejsce zabezpieczyli teren, a nad prawid\u0142owo\u015bci\u0105 tych czynno\u015bci czuwa\u0142 dow\u00f3dca Jacek Chwi\u0142kowski.<\/p>\n<div id='gallery-1' class='gallery galleryid-12659 gallery-columns-3 gallery-size-thumbnail'><figure class='gallery-item'>\n\t\t\t<div class='gallery-icon landscape'>\n\t\t\t\t<a href='https:\/\/ostrowskatv.pl\/?attachment_id=12656'><img loading=\"lazy\" decoding=\"async\" width=\"150\" height=\"150\" src=\"https:\/\/ostrowskatv.pl\/wp-content\/uploads\/2020\/08\/IMG_20200828_084507-01-150x150.jpeg\" class=\"attachment-thumbnail size-thumbnail\" alt=\"\" \/><\/a>\n\t\t\t<\/div><\/figure><figure class='gallery-item'>\n\t\t\t<div class='gallery-icon landscape'>\n\t\t\t\t<a href='https:\/\/ostrowskatv.pl\/?attachment_id=12658'><img loading=\"lazy\" decoding=\"async\" width=\"150\" height=\"150\" src=\"https:\/\/ostrowskatv.pl\/wp-content\/uploads\/2020\/08\/IMG_20190925_1002413-01-150x150.jpeg\" class=\"attachment-thumbnail size-thumbnail\" alt=\"\" \/><\/a>\n\t\t\t<\/div><\/figure><figure class='gallery-item'>\n\t\t\t<div class='gallery-icon portrait'>\n\t\t\t\t<a href='https:\/\/ostrowskatv.pl\/?attachment_id=12657'><img loading=\"lazy\" decoding=\"async\" width=\"150\" height=\"150\" src=\"https:\/\/ostrowskatv.pl\/wp-content\/uploads\/2020\/08\/IMG_20190928_0944092-01-150x150.jpeg\" class=\"attachment-thumbnail size-thumbnail\" alt=\"\" \/><\/a>\n\t\t\t<\/div><\/figure>\n\t\t<\/div>\n\n","protected":false},"excerpt":{"rendered":"M\u0142oda kieruj\u0105ca wyjecha\u0142a samochodem marki Suzuki z parkingu znajduj\u0105cego si\u0119 przy ul. Limanowskiego i wjecha\u0142a wprost pod Peugeota Partnera. W autach wystrzeli\u0142y poduszki \n<a class=\"moretag\" href=\"https:\/\/ostrowskatv.pl\/?p=12659\"> [...]<\/a>","protected":false},"author":1,"featured_media":12656,"comment_status":"open","ping_status":"closed","sticky":false,"template":"","format":"standard","meta":{"footnotes":""},"categories":[1],"tags":[2],"class_list":["post-12659","post","type-post","status-publish","format-standard","has-post-thumbnail","hentry","category-news","tag-ostrow-wielkopolski"],"_links":{"self":[{"href":"https:\/\/ostrowskatv.pl\/index.php?rest_route=\/wp\/v2\/posts\/12659","targetHints":{"allow":["GET"]}}],"collection":[{"href":"https:\/\/ostrowskatv.pl\/index.php?rest_route=\/wp\/v2\/posts"}],"about":[{"href":"https:\/\/ostrowskatv.pl\/index.php?rest_route=\/wp\/v2\/types\/post"}],"author":[{"embeddable":true,"href":"https:\/\/ostrowskatv.pl\/index.php?rest_route=\/wp\/v2\/users\/1"}],"replies":[{"embeddable":true,"href":"https:\/\/ostrowskatv.pl\/index.php?rest_route=%2Fwp%2Fv2%2Fcomments&post=12659"}],"version-history":[{"count":0,"href":"https:\/\/ostrowskatv.pl\/index.php?rest_route=\/wp\/v2\/posts\/12659\/revisions"}],"wp:featuredmedia":[{"embeddable":true,"href":"https:\/\/ostrowskatv.pl\/index.php?rest_route=\/wp\/v2\/media\/12656"}],"wp:attachment":[{"href":"https:\/\/ostrowskatv.pl\/index.php?rest_route=%2Fwp%2Fv2%2Fmedia&parent=12659"}],"wp:term":[{"taxonomy":"category","embeddable":true,"href":"https:\/\/ostrowskatv.pl\/index.php?rest_route=%2Fwp%2Fv2%2Fcategories&post=12659"},{"taxonomy":"post_tag","embeddable":true,"href":"https:\/\/ostrowskatv.pl\/index.php?rest_route=%2Fwp%2Fv2%2Ftags&post=12659"}],"curies":[{"name":"wp","href":"https:\/\/api.w.org\/{rel}","templated":true}]}}