{"id":12633,"date":"2020-08-24T10:51:25","date_gmt":"2020-08-24T09:51:25","guid":{"rendered":"http:\/\/ostrowska.tv\/?p=12633"},"modified":"2020-08-24T10:51:25","modified_gmt":"2020-08-24T09:51:25","slug":"gruzin-z-mikstatu-mial-w-nosie-kwarantanne","status":"publish","type":"post","link":"https:\/\/ostrowskatv.pl\/?p=12633","title":{"rendered":"Gruzin z Mikstatu mia\u0142 w nosie kwarantann\u0119"},"content":{"rendered":"<p><strong>Lekcewa\u017c\u0105cy stosunek do kwarantanny na\u0142o\u017conej na niego przez Sanepid mia\u0142 obywatel Gruzji mieszkaj\u0105cy obecnie w Mikstacie. 40-letni m\u0119\u017cczyzna w okresie od 3 sierpnia by\u0142 obj\u0119ty kwarantann\u0105 w miejscu swojego zamieszkania. 10 dni p\u00f3\u017aniej okaza\u0142o si\u0119, \u017ce m\u0119\u017cczyzna otrzyma\u0142 dodatni wynik na obecno\u015b\u0107 koronawirusa SARS-CoV-2. <\/strong><\/p>\n<p>40-letni obywatel Gruzji w okresie od 3 do 21 sierpnia dzia\u0142aj\u0105c w kr\u00f3tkich odst\u0119pach czasu w wykonaniu z g\u00f3ry powzi\u0119tego zamiaru sprowadzi\u0142 niebezpiecze\u0144stwo dla \u017cycia lub zdrowia wielu os\u00f3b, powoduj\u0105c zagro\u017cenie epidemiologiczne w zwi\u0105zku z szerzeniem si\u0119 choroby zaka\u017anej COVID-19 w ten spos\u00f3b, \u017ce pomimo potwierdzonego zaka\u017cenia t\u0105 chorob\u0105 nie stosowa\u0142 si\u0119 do pozostania w izolacji domowej wielokrotnie wychodz\u0105c do sklep\u00f3w spo\u017cywczych, gdzie dokonywa\u0142 zakup\u00f3w oraz na rynek gdzie uczestniczy\u0142 w spotkaniach towarzyskich. M\u0119\u017cczyzna bagatelizowa\u0142 tworzone przez siebie zagro\u017cenie.<\/p>\n<p>Prokurator postawi\u0142 mu powy\u017cszy zarzut i skierowa\u0142 wniosek do S\u0105du o zastosowanie tymczasowego aresztu. M\u0119\u017cczy\u017anie grozi kara pozbawienia wolno\u015bci do 8 lat.<\/p>\n","protected":false},"excerpt":{"rendered":"Lekcewa\u017c\u0105cy stosunek do kwarantanny na\u0142o\u017conej na niego przez Sanepid mia\u0142 obywatel Gruzji mieszkaj\u0105cy obecnie w Mikstacie. 40-letni m\u0119\u017cczyzna w okresie od 3 sierpnia \n<a class=\"moretag\" href=\"https:\/\/ostrowskatv.pl\/?p=12633\"> [...]<\/a>","protected":false},"author":1,"featured_media":11630,"comment_status":"open","ping_status":"closed","sticky":false,"template":"","format":"standard","meta":{"footnotes":""},"categories":[1],"tags":[195],"class_list":["post-12633","post","type-post","status-publish","format-standard","has-post-thumbnail","hentry","category-news","tag-koronawirus"],"_links":{"self":[{"href":"https:\/\/ostrowskatv.pl\/index.php?rest_route=\/wp\/v2\/posts\/12633","targetHints":{"allow":["GET"]}}],"collection":[{"href":"https:\/\/ostrowskatv.pl\/index.php?rest_route=\/wp\/v2\/posts"}],"about":[{"href":"https:\/\/ostrowskatv.pl\/index.php?rest_route=\/wp\/v2\/types\/post"}],"author":[{"embeddable":true,"href":"https:\/\/ostrowskatv.pl\/index.php?rest_route=\/wp\/v2\/users\/1"}],"replies":[{"embeddable":true,"href":"https:\/\/ostrowskatv.pl\/index.php?rest_route=%2Fwp%2Fv2%2Fcomments&post=12633"}],"version-history":[{"count":0,"href":"https:\/\/ostrowskatv.pl\/index.php?rest_route=\/wp\/v2\/posts\/12633\/revisions"}],"wp:featuredmedia":[{"embeddable":true,"href":"https:\/\/ostrowskatv.pl\/index.php?rest_route=\/wp\/v2\/media\/11630"}],"wp:attachment":[{"href":"https:\/\/ostrowskatv.pl\/index.php?rest_route=%2Fwp%2Fv2%2Fmedia&parent=12633"}],"wp:term":[{"taxonomy":"category","embeddable":true,"href":"https:\/\/ostrowskatv.pl\/index.php?rest_route=%2Fwp%2Fv2%2Fcategories&post=12633"},{"taxonomy":"post_tag","embeddable":true,"href":"https:\/\/ostrowskatv.pl\/index.php?rest_route=%2Fwp%2Fv2%2Ftags&post=12633"}],"curies":[{"name":"wp","href":"https:\/\/api.w.org\/{rel}","templated":true}]}}