{"id":12626,"date":"2020-08-22T20:37:06","date_gmt":"2020-08-22T19:37:06","guid":{"rendered":"http:\/\/ostrowska.tv\/?p=12626"},"modified":"2020-08-22T20:39:55","modified_gmt":"2020-08-22T19:39:55","slug":"z-dwoma-promila-i-rozbila-i-rozbil-sie-na-wprost-mcdonalds","status":"publish","type":"post","link":"https:\/\/ostrowskatv.pl\/?p=12626","title":{"rendered":"Z dwoma promilami rozbi\u0142 si\u0119 na wprost McDonald&#8217;s"},"content":{"rendered":"<p><strong>M\u0119\u017cczyzna kieruj\u0105c Renault Clio jecha\u0142 ulic\u0105 Brack\u0105 w stron\u0119 restauracji McDonald&#8217;s. Na \u0142uku drogi zamiast skr\u0119ci\u0107 w prawo, pojecha\u0142 prosto. Osob\u00f3wk\u0105 uderzy\u0142a w barier\u0119 energoch\u0142onn\u0105.\u00a0<\/strong><\/p>\n<p>Na miejsce zdarzenia dobieg\u0142 m\u0119\u017cczyzna mieszkaj\u0105cy w pobli\u017cu. Po wyczuciu wyra\u017anej woni alkoholu, wyci\u0105gn\u0105\u0142 kluczyki i wezwa\u0142 s\u0142u\u017cby.<\/p>\n<p>Na miejsce skierowano stra\u017cak\u00f3w z jednostek PSP i OSP Ostr\u00f3w Wielkopolski oraz policj\u0119.<\/p>\n<p>59-letni m\u0119\u017cczyzna wydmucha\u0142 oko\u0142o 2 promili.<\/p>\n<div id='gallery-1' class='gallery galleryid-12626 gallery-columns-3 gallery-size-thumbnail'><figure class='gallery-item'>\n\t\t\t<div class='gallery-icon landscape'>\n\t\t\t\t<a href='https:\/\/ostrowskatv.pl\/?attachment_id=12630'><img loading=\"lazy\" decoding=\"async\" width=\"150\" height=\"150\" src=\"https:\/\/ostrowskatv.pl\/wp-content\/uploads\/2020\/08\/IMG_20200822_194652-01-150x150.jpeg\" class=\"attachment-thumbnail size-thumbnail\" alt=\"\" \/><\/a>\n\t\t\t<\/div><\/figure><figure class='gallery-item'>\n\t\t\t<div class='gallery-icon landscape'>\n\t\t\t\t<a href='https:\/\/ostrowskatv.pl\/?attachment_id=12629'><img loading=\"lazy\" decoding=\"async\" width=\"150\" height=\"150\" src=\"https:\/\/ostrowskatv.pl\/wp-content\/uploads\/2020\/08\/IMG_20200822_194316-01-150x150.jpeg\" class=\"attachment-thumbnail size-thumbnail\" alt=\"\" \/><\/a>\n\t\t\t<\/div><\/figure><figure class='gallery-item'>\n\t\t\t<div class='gallery-icon landscape'>\n\t\t\t\t<a href='https:\/\/ostrowskatv.pl\/?attachment_id=12628'><img loading=\"lazy\" decoding=\"async\" width=\"150\" height=\"150\" src=\"https:\/\/ostrowskatv.pl\/wp-content\/uploads\/2020\/08\/IMG_20200822_194253-01-1-150x150.jpeg\" class=\"attachment-thumbnail size-thumbnail\" alt=\"\" \/><\/a>\n\t\t\t<\/div><\/figure>\n\t\t<\/div>\n\n<p>Za pope\u0142nienie przest\u0119pstwa prowadzenia samochodu w stanie nietrze\u017awo\u015bci z art. 178a \u00a7 1 Kodeksu Karnego, ustawa przewiduje kar\u0119 grzywny, kar\u0119 ograniczenia wolno\u015bci lub kar\u0119 pozbawienia wolno\u015bci do lat 2, a ponadto wobec sprawcy takiego przest\u0119pstwa s\u0105d ma obowi\u0105zek orzec zakaz prowadzenia pojazd\u00f3w na minimum 3 lata oraz \u015bwiadczenie pieni\u0119\u017cne na rzecz Funduszu Pomocy Pokrzywdzonym oraz Pomocy Postpenitencjarnej w kwocie nie ni\u017cszej ni\u017c 5 000 z\u0142, kara za pope\u0142nienie wskazanego przest\u0119pstwa jest wi\u0119c niew\u0105tpliwie dla jego sprawcy dotkliwa.<\/p>\n","protected":false},"excerpt":{"rendered":"M\u0119\u017cczyzna kieruj\u0105c Renault Clio jecha\u0142 ulic\u0105 Brack\u0105 w stron\u0119 restauracji McDonald&#8217;s. Na \u0142uku drogi zamiast skr\u0119ci\u0107 w prawo, pojecha\u0142 prosto. Osob\u00f3wk\u0105 uderzy\u0142a w \n<a class=\"moretag\" href=\"https:\/\/ostrowskatv.pl\/?p=12626\"> [...]<\/a>","protected":false},"author":1,"featured_media":12628,"comment_status":"open","ping_status":"closed","sticky":false,"template":"","format":"standard","meta":{"footnotes":""},"categories":[1],"tags":[2],"class_list":["post-12626","post","type-post","status-publish","format-standard","has-post-thumbnail","hentry","category-news","tag-ostrow-wielkopolski"],"_links":{"self":[{"href":"https:\/\/ostrowskatv.pl\/index.php?rest_route=\/wp\/v2\/posts\/12626","targetHints":{"allow":["GET"]}}],"collection":[{"href":"https:\/\/ostrowskatv.pl\/index.php?rest_route=\/wp\/v2\/posts"}],"about":[{"href":"https:\/\/ostrowskatv.pl\/index.php?rest_route=\/wp\/v2\/types\/post"}],"author":[{"embeddable":true,"href":"https:\/\/ostrowskatv.pl\/index.php?rest_route=\/wp\/v2\/users\/1"}],"replies":[{"embeddable":true,"href":"https:\/\/ostrowskatv.pl\/index.php?rest_route=%2Fwp%2Fv2%2Fcomments&post=12626"}],"version-history":[{"count":0,"href":"https:\/\/ostrowskatv.pl\/index.php?rest_route=\/wp\/v2\/posts\/12626\/revisions"}],"wp:featuredmedia":[{"embeddable":true,"href":"https:\/\/ostrowskatv.pl\/index.php?rest_route=\/wp\/v2\/media\/12628"}],"wp:attachment":[{"href":"https:\/\/ostrowskatv.pl\/index.php?rest_route=%2Fwp%2Fv2%2Fmedia&parent=12626"}],"wp:term":[{"taxonomy":"category","embeddable":true,"href":"https:\/\/ostrowskatv.pl\/index.php?rest_route=%2Fwp%2Fv2%2Fcategories&post=12626"},{"taxonomy":"post_tag","embeddable":true,"href":"https:\/\/ostrowskatv.pl\/index.php?rest_route=%2Fwp%2Fv2%2Ftags&post=12626"}],"curies":[{"name":"wp","href":"https:\/\/api.w.org\/{rel}","templated":true}]}}