{"id":12608,"date":"2020-08-21T12:11:17","date_gmt":"2020-08-21T11:11:17","guid":{"rendered":"http:\/\/ostrowska.tv\/?p=12608"},"modified":"2020-08-21T12:12:21","modified_gmt":"2020-08-21T11:12:21","slug":"pozar-domu-spowodowany-instalacja-fotowoltaiczna","status":"publish","type":"post","link":"https:\/\/ostrowskatv.pl\/?p=12608","title":{"rendered":"Po\u017car domu spowodowany instalacj\u0105 fotowoltaiczn\u0105"},"content":{"rendered":"<p><strong>Do po\u017caru domu jednorodzinnego przy ul. Grzybowej w Ostrowie Wlkp. dosz\u0142o tu\u017c przed po\u0142udniem w pi\u0105tek. Zacz\u0119\u0142a pali\u0107 si\u0119 skrzynka z bezpiecznikami znajduj\u0105ca si\u0119 przy falowniku odpowiedzialnym za zmian\u0119 pr\u0105du sta\u0142ego na zmienny. Sytuacj\u0119 pogorszy\u0142y zgromadzone bezpo\u015brednio pod skrzynk\u0105 dokumenty. Ta historia pokazuje, \u017ce nie powinni\u015bmy sk\u0142adowa\u0107 rzeczy \u0142atwopalnych przy urz\u0105dzeniach mog\u0105cych by\u0107 \u017ar\u00f3d\u0142em po\u017caru.<\/strong><\/p>\n<p>Szcz\u0119\u015bliwie dla tej historii szybciej do domu powr\u00f3ci\u0142 gospodarz. To on zauwa\u017cy\u0142 zadymienie i wezwa\u0142 stra\u017c po\u017carn\u0105. Na miejsce zadysponowano 2 jednostki ga\u015bnicze i podno\u015bnik koszowy.<\/p>\n<p>Dom ma 2 lata, a instalacja fotowoltaiczna zosta\u0142a stosunkowo niedawno uruchomiona. Jeden z s\u0105siad\u00f3w wspomina\u0142, \u017ce 10 lat temu, a konkretnie 15 sierpnia sp\u0142on\u0105\u0142 mu dom, kt\u00f3ry znajduje si\u0119 na przeciwko.<\/p>\n<p>Instalacj\u0119 wykona\u0142a og\u00f3lnopolska firma, kt\u00f3ry podnajmuje inne firmy.<\/p>\n<div id='gallery-1' class='gallery galleryid-12608 gallery-columns-3 gallery-size-thumbnail'><figure class='gallery-item'>\n\t\t\t<div class='gallery-icon landscape'>\n\t\t\t\t<a href='https:\/\/ostrowskatv.pl\/?attachment_id=12605'><img loading=\"lazy\" decoding=\"async\" width=\"150\" height=\"150\" src=\"https:\/\/ostrowskatv.pl\/wp-content\/uploads\/2020\/08\/IMG_20200821_120108-01-150x150.jpeg\" class=\"attachment-thumbnail size-thumbnail\" alt=\"\" \/><\/a>\n\t\t\t<\/div><\/figure><figure class='gallery-item'>\n\t\t\t<div class='gallery-icon landscape'>\n\t\t\t\t<a href='https:\/\/ostrowskatv.pl\/?attachment_id=12604'><img loading=\"lazy\" decoding=\"async\" width=\"150\" height=\"150\" src=\"https:\/\/ostrowskatv.pl\/wp-content\/uploads\/2020\/08\/IMG_20200821_120110-01-150x150.jpeg\" class=\"attachment-thumbnail size-thumbnail\" alt=\"\" \/><\/a>\n\t\t\t<\/div><\/figure>\n\t\t<\/div>\n\n","protected":false},"excerpt":{"rendered":"Do po\u017caru domu jednorodzinnego przy ul. Grzybowej w Ostrowie Wlkp. dosz\u0142o tu\u017c przed po\u0142udniem w pi\u0105tek. Zacz\u0119\u0142a pali\u0107 si\u0119 skrzynka z bezpiecznikami znajduj\u0105ca \n<a class=\"moretag\" href=\"https:\/\/ostrowskatv.pl\/?p=12608\"> [...]<\/a>","protected":false},"author":1,"featured_media":12605,"comment_status":"open","ping_status":"closed","sticky":false,"template":"","format":"standard","meta":{"footnotes":""},"categories":[1],"tags":[2],"class_list":["post-12608","post","type-post","status-publish","format-standard","has-post-thumbnail","hentry","category-news","tag-ostrow-wielkopolski"],"_links":{"self":[{"href":"https:\/\/ostrowskatv.pl\/index.php?rest_route=\/wp\/v2\/posts\/12608","targetHints":{"allow":["GET"]}}],"collection":[{"href":"https:\/\/ostrowskatv.pl\/index.php?rest_route=\/wp\/v2\/posts"}],"about":[{"href":"https:\/\/ostrowskatv.pl\/index.php?rest_route=\/wp\/v2\/types\/post"}],"author":[{"embeddable":true,"href":"https:\/\/ostrowskatv.pl\/index.php?rest_route=\/wp\/v2\/users\/1"}],"replies":[{"embeddable":true,"href":"https:\/\/ostrowskatv.pl\/index.php?rest_route=%2Fwp%2Fv2%2Fcomments&post=12608"}],"version-history":[{"count":0,"href":"https:\/\/ostrowskatv.pl\/index.php?rest_route=\/wp\/v2\/posts\/12608\/revisions"}],"wp:featuredmedia":[{"embeddable":true,"href":"https:\/\/ostrowskatv.pl\/index.php?rest_route=\/wp\/v2\/media\/12605"}],"wp:attachment":[{"href":"https:\/\/ostrowskatv.pl\/index.php?rest_route=%2Fwp%2Fv2%2Fmedia&parent=12608"}],"wp:term":[{"taxonomy":"category","embeddable":true,"href":"https:\/\/ostrowskatv.pl\/index.php?rest_route=%2Fwp%2Fv2%2Fcategories&post=12608"},{"taxonomy":"post_tag","embeddable":true,"href":"https:\/\/ostrowskatv.pl\/index.php?rest_route=%2Fwp%2Fv2%2Ftags&post=12608"}],"curies":[{"name":"wp","href":"https:\/\/api.w.org\/{rel}","templated":true}]}}