{"id":126,"date":"2016-01-07T12:31:35","date_gmt":"2016-01-07T11:31:35","guid":{"rendered":"http:\/\/ostrowska.tv\/?p=126"},"modified":"2016-01-07T12:31:35","modified_gmt":"2016-01-07T11:31:35","slug":"holdikom-radni-kpia-z-prezydent-klimek","status":"publish","type":"post","link":"https:\/\/ostrowskatv.pl\/?p=126","title":{"rendered":"Holdikom: Radni kpi\u0105 z prezydent Klimek"},"content":{"rendered":"<p><strong>Jedn\u0105 z przedwyborczych obietnic Beaty Klimek by\u0142a likwidacja Holdikomu. Prezydent Ostrowa Wielkopolskiego niedawno pochwali\u0142a si\u0119 tym, \u017ce to zadanie zosta\u0142o zrealizowane. Suchej nitki nie pozostawiaj\u0105 na niej jednak radni. <\/strong><\/p>\n<p>O &#8222;likwidacji&#8221; Holdikomu pisali\u015bmy jeszcze w ubieg\u0142ym roku. Ta sp\u00f3\u0142ka rzeczywi\u015bcie przesta\u0142a istnie\u0107. Jednak w jej miejsce zosta\u0142 powo\u0142any nowy tw\u00f3r, kt\u00f3ry przejmie szereg dzia\u0142a\u0144 swojego poprzednika. Jest nim <strong>Centrum Rozwoju Komunalnego SA<\/strong>.<\/p>\n<p>&#8211;<em> Pani prezydent najwyra\u017aniej chcia\u0142a sobie &#8222;odhaczy\u0107&#8221; jedn\u0105 z przedwyborczych obietnic <\/em>\u2013 ironizuje <strong>Mariusz Leki<\/strong> z Klubu Radnych Platformy Obywatelskiej.<em> &#8211; Sp\u00f3\u0142ka de facto zmieni\u0142a nazw\u0119, bo poprzednia mia\u0142a si\u0119 \u017ale kojarzy\u0107. Obietnica w \u017caden spos\u00f3b nie zosta\u0142a jednak zrealizowana. Nie dosz\u0142o do likwidacji. Powsta\u0142 za to nowy tw\u00f3r, kt\u00f3ry przej\u0105\u0142 zadania Holdikomu. Dla mnie to jest dziwne. Nie wiem po co tworzy\u0107 now\u0105 sp\u00f3\u0142k\u0119, kt\u00f3ra b\u0119dzie realizowa\u0107 zadania poprzednika. Ja nie widz\u0119 takiej potrzeby<\/em> \u2013 dodaje <strong>Leki<\/strong>.<\/p>\n<p>W\u0142adze miasta nie chc\u0105 m\u00f3wi\u0107 o szczeg\u00f3\u0142ach dzia\u0142ania <strong>Centrum Rozwoju Komunalnego SA<\/strong>. O wszystkim radni i mieszka\u0144cy maj\u0105 dowiedzie\u0107 si\u0119 podczas specjalnej konferencji prasowej, kt\u00f3ra ma odby\u0107 si\u0119 jeszcze w tym miesi\u0105cu. &#8211; <em>Dopiero si\u0119 oka\u017ce, czy koszty b\u0119d\u0105 mniejsze. Jako radni nie mamy zbyt du\u017cej wiedzy. Nie wiemy, jak b\u0119dzie dzia\u0142a\u0107 nowa sp\u00f3\u0142ka. Nasze spotkanie z pani\u0105 prezydent w tej sprawie trwa\u0142o raptem 15 minut i odby\u0142o si\u0119 po ostatniej Sesji Rady Miejskiej. Prezentacja by\u0142a zrobiona bardzo pospiesznie i nie dowiedzieli\u015bmy si\u0119 z niej nawet, w jakie formule b\u0119dzie dzia\u0142a\u0107 nowa sp\u00f3\u0142ka. Z czasem uzyska\u0142em informacj\u0119, \u017ce m\u00f3wimy o sp\u00f3\u0142ce akcyjnej. Wszystko by\u0142o jednak robione bardzo szybko i gwa\u0142townie<\/em> \u2013 t\u0142umaczy <strong>Leki<\/strong>. &#8211;<em> Dla nas jako rady sytuacja si\u0119 nie zmienia. Mamy tylko jedn\u0105 informacj\u0119 \u2013 pani prezydent powo\u0142a\u0142a now\u0105 sp\u00f3\u0142k\u0119. W tej chwili ma trwa\u0107 rejestracja w KRS. Kiedy sp\u00f3\u0142ka zostanie zarejestrowana, to poznamy jej statut. Zobaczymy, co jest w nim napisane i wtedy b\u0119dziemy analizowa\u0107, jak mo\u017ce ona dzia\u0142a\u0107<\/em> \u2013 dodaje radny.<\/p>\n<p>Suchej nitki na <strong>Beacie Klimek<\/strong> nie zostawia r\u00f3wnie\u017c <strong>Wojciech Matuszczak<\/strong>. &#8211;<em> Ten temat by\u0142 skomplikowany i przer\u00f3s\u0142 pani\u0105 prezydent <\/em>\u2013 przekonuje radny<em>. &#8211; Nie ma mowy o \u017cadnej likwidacji<\/em> \u2013 dodaje. <strong>Matuszczak<\/strong> ma jednak znacznie wi\u0119cej do zarzucenia miastu. &#8211;<em> Oko\u0142o rok temu m\u00f3wili\u015bmy o bardzo wa\u017cnej kwestii zwi\u0105zanej z pomoc\u0105 publiczn\u0105 dla sp\u00f3\u0142ek powi\u0105zanych kapita\u0142owo. Zosta\u0142a wprowadzona nowa interpretacja unijna. Nasze miejskie sp\u00f3\u0142ki powi\u0105zane wcze\u015bniej poprzez Holdikom, a teraz CRK b\u0119d\u0105 funkcjonowa\u0107 w takim samym uk\u0142adzie. To oznacza, \u017ce bardzo wiele stracimy w kontek\u015bcie pozyskiwania unijnych pieni\u0119dzy. Gdyby sp\u00f3\u0142ki podlega\u0142y ka\u017cda oddzielnie pod miasto, to pomoc by\u0142aby ograniczona okre\u015blon\u0105 pul\u0105 dla ka\u017cdej z nich. W tej chwili szans na to nie ma. Jest powi\u0105zanie kapita\u0142owe, wi\u0119c b\u0119dzie jedna pula dla wszystkich sp\u00f3\u0142ek. To bardzo du\u017ce ograniczenie mo\u017cliwo\u015bci rozwojowych miejskich sp\u00f3\u0142ek. Kompletnie nie rozumiem, jak mo\u017cna by\u0142o nie wzi\u0105\u0107 tego pod uwag\u0119<\/em> \u2013 przekonuje <strong>Wojciech Matuszczak.<\/strong><\/p>\n<p>W najbli\u017cszych dniach zarzuty radnych spr\u00f3bujemy skonfrontowa\u0107 ze stanowiskiem w\u0142adz miasta. W tym czasie zach\u0119camy do dyskusji w komentarzach. Jak oceniaj\u0105 Pa\u0144stwo ostatni\u0105 decyzj\u0119 <strong>Beaty Klimek<\/strong> w sprawie Holdikomu?<\/p>\n","protected":false},"excerpt":{"rendered":"Jedn\u0105 z przedwyborczych obietnic Beaty Klimek by\u0142a likwidacja Holdikomu. Prezydent Ostrowa Wielkopolskiego niedawno pochwali\u0142a si\u0119 tym, \u017ce to zadanie zosta\u0142o zrealizowane. Suchej nitki \n<a class=\"moretag\" href=\"https:\/\/ostrowskatv.pl\/?p=126\"> [...]<\/a>","protected":false},"author":1,"featured_media":127,"comment_status":"open","ping_status":"open","sticky":false,"template":"","format":"standard","meta":{"footnotes":""},"categories":[1],"tags":[18],"class_list":["post-126","post","type-post","status-publish","format-standard","has-post-thumbnail","hentry","category-news","tag-holdikom"],"_links":{"self":[{"href":"https:\/\/ostrowskatv.pl\/index.php?rest_route=\/wp\/v2\/posts\/126","targetHints":{"allow":["GET"]}}],"collection":[{"href":"https:\/\/ostrowskatv.pl\/index.php?rest_route=\/wp\/v2\/posts"}],"about":[{"href":"https:\/\/ostrowskatv.pl\/index.php?rest_route=\/wp\/v2\/types\/post"}],"author":[{"embeddable":true,"href":"https:\/\/ostrowskatv.pl\/index.php?rest_route=\/wp\/v2\/users\/1"}],"replies":[{"embeddable":true,"href":"https:\/\/ostrowskatv.pl\/index.php?rest_route=%2Fwp%2Fv2%2Fcomments&post=126"}],"version-history":[{"count":0,"href":"https:\/\/ostrowskatv.pl\/index.php?rest_route=\/wp\/v2\/posts\/126\/revisions"}],"wp:featuredmedia":[{"embeddable":true,"href":"https:\/\/ostrowskatv.pl\/index.php?rest_route=\/wp\/v2\/media\/127"}],"wp:attachment":[{"href":"https:\/\/ostrowskatv.pl\/index.php?rest_route=%2Fwp%2Fv2%2Fmedia&parent=126"}],"wp:term":[{"taxonomy":"category","embeddable":true,"href":"https:\/\/ostrowskatv.pl\/index.php?rest_route=%2Fwp%2Fv2%2Fcategories&post=126"},{"taxonomy":"post_tag","embeddable":true,"href":"https:\/\/ostrowskatv.pl\/index.php?rest_route=%2Fwp%2Fv2%2Ftags&post=126"}],"curies":[{"name":"wp","href":"https:\/\/api.w.org\/{rel}","templated":true}]}}