{"id":12586,"date":"2020-08-19T11:22:19","date_gmt":"2020-08-19T10:22:19","guid":{"rendered":"http:\/\/ostrowska.tv\/?p=12586"},"modified":"2020-08-19T11:22:19","modified_gmt":"2020-08-19T10:22:19","slug":"twarde-ladowanie-szybowca-przed-pasem","status":"publish","type":"post","link":"https:\/\/ostrowskatv.pl\/?p=12586","title":{"rendered":"Twarde l\u0105dowanie szybowca przed pasem"},"content":{"rendered":"<p><strong>Podczas l\u0105dowania szybowca na lotnisku w Micha\u0142kowie dosz\u0142o do wypadku. Pilot-ucze\u0144 nie dolecia\u0142 do pasa<\/strong><span style=\"font-size: 1rem;\">. <strong>Kilka metr\u00f3w przed nim z<\/strong><\/span><strong style=\"font-size: 1rem;\">ahaczy\u0142 o kukurydz\u0119, przez co zaliczy\u0142 twarde l\u0105dowanie.<\/strong><\/p>\n<p>M\u0119\u017cczyzna w \u015brednim wieku uskar\u017ca\u0142 si\u0119 na b\u00f3l plec\u00f3w. Na miejsce wezwano \u015bmig\u0142owiec LPR z pobliskiej bazy. O zdarzeniu poinformowano tak\u017ce policj\u0119, kt\u00f3ra wykonuje czynno\u015bci jak do wypadku.<\/p>\n<p>Na terenie aeroklubu ostrowskiego odbywaj\u0105 si\u0119 Szybowcowe Mistrzostwa Polski Junior\u00f3w. Jednak wypadek nie mia\u0142 z nimi zwi\u0105zku. Wczoraj organizatorom, pomimo burzowej pogody, uda\u0142o si\u0119 wygospodarowa\u0107 okienko pogodowe. Podczas odbytej konkurencji 3 szybowce wyl\u0105dowa\u0142y na terenie przygodnym i na szcz\u0119\u015bcie nikomu nic z\u0142ego si\u0119 nie sta\u0142o.<\/p>\n<div id='gallery-1' class='gallery galleryid-12586 gallery-columns-3 gallery-size-thumbnail'><figure class='gallery-item'>\n\t\t\t<div class='gallery-icon landscape'>\n\t\t\t\t<a href='https:\/\/ostrowskatv.pl\/?attachment_id=12587'><img loading=\"lazy\" decoding=\"async\" width=\"150\" height=\"150\" src=\"https:\/\/ostrowskatv.pl\/wp-content\/uploads\/2020\/08\/IMG_20200819_114933-01-150x150.jpeg\" class=\"attachment-thumbnail size-thumbnail\" alt=\"\" \/><\/a>\n\t\t\t<\/div><\/figure><figure class='gallery-item'>\n\t\t\t<div class='gallery-icon landscape'>\n\t\t\t\t<a href='https:\/\/ostrowskatv.pl\/?attachment_id=12588'><img loading=\"lazy\" decoding=\"async\" width=\"150\" height=\"150\" src=\"https:\/\/ostrowskatv.pl\/wp-content\/uploads\/2020\/08\/IMG_20200819_115158-01-150x150.jpeg\" class=\"attachment-thumbnail size-thumbnail\" alt=\"\" \/><\/a>\n\t\t\t<\/div><\/figure><figure class='gallery-item'>\n\t\t\t<div class='gallery-icon landscape'>\n\t\t\t\t<a href='https:\/\/ostrowskatv.pl\/?attachment_id=12589'><img loading=\"lazy\" decoding=\"async\" width=\"150\" height=\"150\" src=\"https:\/\/ostrowskatv.pl\/wp-content\/uploads\/2020\/08\/IMG_20200819_114400-01-150x150.jpeg\" class=\"attachment-thumbnail size-thumbnail\" alt=\"\" \/><\/a>\n\t\t\t<\/div><\/figure>\n\t\t<\/div>\n\n","protected":false},"excerpt":{"rendered":"Podczas l\u0105dowania szybowca na lotnisku w Micha\u0142kowie dosz\u0142o do wypadku. Pilot-ucze\u0144 nie dolecia\u0142 do pasa. Kilka metr\u00f3w przed nim zahaczy\u0142 o kukurydz\u0119, przez \n<a class=\"moretag\" href=\"https:\/\/ostrowskatv.pl\/?p=12586\"> [...]<\/a>","protected":false},"author":1,"featured_media":12589,"comment_status":"open","ping_status":"closed","sticky":false,"template":"","format":"standard","meta":{"footnotes":""},"categories":[1],"tags":[11],"class_list":["post-12586","post","type-post","status-publish","format-standard","has-post-thumbnail","hentry","category-news","tag-wypadek"],"_links":{"self":[{"href":"https:\/\/ostrowskatv.pl\/index.php?rest_route=\/wp\/v2\/posts\/12586","targetHints":{"allow":["GET"]}}],"collection":[{"href":"https:\/\/ostrowskatv.pl\/index.php?rest_route=\/wp\/v2\/posts"}],"about":[{"href":"https:\/\/ostrowskatv.pl\/index.php?rest_route=\/wp\/v2\/types\/post"}],"author":[{"embeddable":true,"href":"https:\/\/ostrowskatv.pl\/index.php?rest_route=\/wp\/v2\/users\/1"}],"replies":[{"embeddable":true,"href":"https:\/\/ostrowskatv.pl\/index.php?rest_route=%2Fwp%2Fv2%2Fcomments&post=12586"}],"version-history":[{"count":0,"href":"https:\/\/ostrowskatv.pl\/index.php?rest_route=\/wp\/v2\/posts\/12586\/revisions"}],"wp:featuredmedia":[{"embeddable":true,"href":"https:\/\/ostrowskatv.pl\/index.php?rest_route=\/wp\/v2\/media\/12589"}],"wp:attachment":[{"href":"https:\/\/ostrowskatv.pl\/index.php?rest_route=%2Fwp%2Fv2%2Fmedia&parent=12586"}],"wp:term":[{"taxonomy":"category","embeddable":true,"href":"https:\/\/ostrowskatv.pl\/index.php?rest_route=%2Fwp%2Fv2%2Fcategories&post=12586"},{"taxonomy":"post_tag","embeddable":true,"href":"https:\/\/ostrowskatv.pl\/index.php?rest_route=%2Fwp%2Fv2%2Ftags&post=12586"}],"curies":[{"name":"wp","href":"https:\/\/api.w.org\/{rel}","templated":true}]}}