{"id":12571,"date":"2020-08-19T06:00:48","date_gmt":"2020-08-19T05:00:48","guid":{"rendered":"http:\/\/ostrowska.tv\/?p=12571"},"modified":"2020-08-19T06:03:27","modified_gmt":"2020-08-19T05:03:27","slug":"motocyklem-nie-dojechal-do-pracy","status":"publish","type":"post","link":"https:\/\/ostrowskatv.pl\/?p=12571","title":{"rendered":"Motocyklem nie dojecha\u0142 do pracy"},"content":{"rendered":"<p><strong>Przewr\u00f3cenie si\u0119 motocyklem na rondzie i doznanie powa\u017cnego urazu nogi oraz l\u017cejszego urazu g\u0142owy, uniemo\u017cliwi\u0142o dotarcie do pracy oko\u0142o 35-letniemu m\u0119\u017cczy\u017anie. Dzi\u015b oko\u0142o godziny 6.00 jad\u0105c przez rondo w Skalmierzycach przewr\u00f3ci\u0142 si\u0119. Mieszkaniec Lewkowa przesun\u0105\u0142 pod barier\u0105 doznaj\u0105c otwartego z\u0142amania nogi. Na miejsce zadysponowano 3 zast\u0119py stra\u017cy po\u017carnej, karetk\u0119 i policj\u0119. Poszkodowany trafi\u0142 do szpitala tak\u017ce z b\u00f3lem g\u0142owy. Po wypadku spad\u0142 mu kask.<\/strong><\/p>\n<div id='gallery-1' class='gallery galleryid-12571 gallery-columns-3 gallery-size-thumbnail'><figure class='gallery-item'>\n\t\t\t<div class='gallery-icon landscape'>\n\t\t\t\t<a href='https:\/\/ostrowskatv.pl\/?attachment_id=12570'><img loading=\"lazy\" decoding=\"async\" width=\"150\" height=\"150\" src=\"https:\/\/ostrowskatv.pl\/wp-content\/uploads\/2020\/08\/received_312625816838142-01-150x150.jpeg\" class=\"attachment-thumbnail size-thumbnail\" alt=\"\" \/><\/a>\n\t\t\t<\/div><\/figure><figure class='gallery-item'>\n\t\t\t<div class='gallery-icon landscape'>\n\t\t\t\t<a href='https:\/\/ostrowskatv.pl\/?attachment_id=12569'><img loading=\"lazy\" decoding=\"async\" width=\"150\" height=\"150\" src=\"https:\/\/ostrowskatv.pl\/wp-content\/uploads\/2020\/08\/received_3322518091102895-01-150x150.jpeg\" class=\"attachment-thumbnail size-thumbnail\" alt=\"\" \/><\/a>\n\t\t\t<\/div><\/figure><figure class='gallery-item'>\n\t\t\t<div class='gallery-icon landscape'>\n\t\t\t\t<a href='https:\/\/ostrowskatv.pl\/?attachment_id=12568'><img loading=\"lazy\" decoding=\"async\" width=\"150\" height=\"150\" src=\"https:\/\/ostrowskatv.pl\/wp-content\/uploads\/2020\/08\/received_766061563937273-01-150x150.jpeg\" class=\"attachment-thumbnail size-thumbnail\" alt=\"\" \/><\/a>\n\t\t\t<\/div><\/figure>\n\t\t<\/div>\n\n<p>zdj\u0119cia: <a href=\"http:\/\/www.infoskalmierzyce.pl\">infoskalmierzyce.pl<\/a><\/p>\n","protected":false},"excerpt":{"rendered":"Przewr\u00f3cenie si\u0119 motocyklem na rondzie i doznanie powa\u017cnego urazu nogi oraz l\u017cejszego urazu g\u0142owy, uniemo\u017cliwi\u0142o dotarcie do pracy oko\u0142o 35-letniemu m\u0119\u017cczy\u017anie. Dzi\u015b oko\u0142o \n<a class=\"moretag\" href=\"https:\/\/ostrowskatv.pl\/?p=12571\"> [...]<\/a>","protected":false},"author":1,"featured_media":12570,"comment_status":"open","ping_status":"closed","sticky":false,"template":"","format":"standard","meta":{"footnotes":""},"categories":[1],"tags":[90],"class_list":["post-12571","post","type-post","status-publish","format-standard","has-post-thumbnail","hentry","category-news","tag-skalmierzyce"],"_links":{"self":[{"href":"https:\/\/ostrowskatv.pl\/index.php?rest_route=\/wp\/v2\/posts\/12571","targetHints":{"allow":["GET"]}}],"collection":[{"href":"https:\/\/ostrowskatv.pl\/index.php?rest_route=\/wp\/v2\/posts"}],"about":[{"href":"https:\/\/ostrowskatv.pl\/index.php?rest_route=\/wp\/v2\/types\/post"}],"author":[{"embeddable":true,"href":"https:\/\/ostrowskatv.pl\/index.php?rest_route=\/wp\/v2\/users\/1"}],"replies":[{"embeddable":true,"href":"https:\/\/ostrowskatv.pl\/index.php?rest_route=%2Fwp%2Fv2%2Fcomments&post=12571"}],"version-history":[{"count":0,"href":"https:\/\/ostrowskatv.pl\/index.php?rest_route=\/wp\/v2\/posts\/12571\/revisions"}],"wp:featuredmedia":[{"embeddable":true,"href":"https:\/\/ostrowskatv.pl\/index.php?rest_route=\/wp\/v2\/media\/12570"}],"wp:attachment":[{"href":"https:\/\/ostrowskatv.pl\/index.php?rest_route=%2Fwp%2Fv2%2Fmedia&parent=12571"}],"wp:term":[{"taxonomy":"category","embeddable":true,"href":"https:\/\/ostrowskatv.pl\/index.php?rest_route=%2Fwp%2Fv2%2Fcategories&post=12571"},{"taxonomy":"post_tag","embeddable":true,"href":"https:\/\/ostrowskatv.pl\/index.php?rest_route=%2Fwp%2Fv2%2Ftags&post=12571"}],"curies":[{"name":"wp","href":"https:\/\/api.w.org\/{rel}","templated":true}]}}