{"id":12566,"date":"2020-08-18T18:09:57","date_gmt":"2020-08-18T17:09:57","guid":{"rendered":"http:\/\/ostrowska.tv\/?p=12566"},"modified":"2020-08-18T18:09:57","modified_gmt":"2020-08-18T17:09:57","slug":"15-latka-potracona-kola-kina-komeda","status":"publish","type":"post","link":"https:\/\/ostrowskatv.pl\/?p=12566","title":{"rendered":"15-latka potr\u0105cona ko\u0142a Kina Komeda"},"content":{"rendered":"<p><strong>15-letnia rowerzystka zosta\u0142a potr\u0105cona przez samoch\u00f3d Citroen w pobli\u017cu Kina Komeda. M\u0142od\u0105 dziewczyn\u0119 do szpitala zabra\u0142a karetka pogotowia. Poszkodowana na szcz\u0119\u015bcie nie odnios\u0142a powa\u017cniejszych obra\u017ce\u0144 cia\u0142a. Przez czas ogl\u0119dzin by\u0142y spore utrudnienia w ruchu.<\/strong><\/p>\n<div id='gallery-1' class='gallery galleryid-12566 gallery-columns-3 gallery-size-thumbnail'><figure class='gallery-item'>\n\t\t\t<div class='gallery-icon landscape'>\n\t\t\t\t<a href='https:\/\/ostrowskatv.pl\/?attachment_id=12565'><img loading=\"lazy\" decoding=\"async\" width=\"150\" height=\"150\" src=\"https:\/\/ostrowskatv.pl\/wp-content\/uploads\/2020\/08\/IMG_20200818_153804-01-150x150.jpeg\" class=\"attachment-thumbnail size-thumbnail\" alt=\"\" \/><\/a>\n\t\t\t<\/div><\/figure><figure class='gallery-item'>\n\t\t\t<div class='gallery-icon landscape'>\n\t\t\t\t<a href='https:\/\/ostrowskatv.pl\/?attachment_id=12564'><img loading=\"lazy\" decoding=\"async\" width=\"150\" height=\"150\" src=\"https:\/\/ostrowskatv.pl\/wp-content\/uploads\/2020\/08\/IMG_20200818_153815-01-150x150.jpeg\" class=\"attachment-thumbnail size-thumbnail\" alt=\"\" \/><\/a>\n\t\t\t<\/div><\/figure>\n\t\t<\/div>\n\n","protected":false},"excerpt":{"rendered":"15-letnia rowerzystka zosta\u0142a potr\u0105cona przez samoch\u00f3d Citroen w pobli\u017cu Kina Komeda. M\u0142od\u0105 dziewczyn\u0119 do szpitala zabra\u0142a karetka pogotowia. Poszkodowana na szcz\u0119\u015bcie nie odnios\u0142a \n<a class=\"moretag\" href=\"https:\/\/ostrowskatv.pl\/?p=12566\"> [...]<\/a>","protected":false},"author":1,"featured_media":12564,"comment_status":"open","ping_status":"closed","sticky":false,"template":"","format":"standard","meta":{"footnotes":""},"categories":[1],"tags":[2],"class_list":["post-12566","post","type-post","status-publish","format-standard","has-post-thumbnail","hentry","category-news","tag-ostrow-wielkopolski"],"_links":{"self":[{"href":"https:\/\/ostrowskatv.pl\/index.php?rest_route=\/wp\/v2\/posts\/12566","targetHints":{"allow":["GET"]}}],"collection":[{"href":"https:\/\/ostrowskatv.pl\/index.php?rest_route=\/wp\/v2\/posts"}],"about":[{"href":"https:\/\/ostrowskatv.pl\/index.php?rest_route=\/wp\/v2\/types\/post"}],"author":[{"embeddable":true,"href":"https:\/\/ostrowskatv.pl\/index.php?rest_route=\/wp\/v2\/users\/1"}],"replies":[{"embeddable":true,"href":"https:\/\/ostrowskatv.pl\/index.php?rest_route=%2Fwp%2Fv2%2Fcomments&post=12566"}],"version-history":[{"count":0,"href":"https:\/\/ostrowskatv.pl\/index.php?rest_route=\/wp\/v2\/posts\/12566\/revisions"}],"wp:featuredmedia":[{"embeddable":true,"href":"https:\/\/ostrowskatv.pl\/index.php?rest_route=\/wp\/v2\/media\/12564"}],"wp:attachment":[{"href":"https:\/\/ostrowskatv.pl\/index.php?rest_route=%2Fwp%2Fv2%2Fmedia&parent=12566"}],"wp:term":[{"taxonomy":"category","embeddable":true,"href":"https:\/\/ostrowskatv.pl\/index.php?rest_route=%2Fwp%2Fv2%2Fcategories&post=12566"},{"taxonomy":"post_tag","embeddable":true,"href":"https:\/\/ostrowskatv.pl\/index.php?rest_route=%2Fwp%2Fv2%2Ftags&post=12566"}],"curies":[{"name":"wp","href":"https:\/\/api.w.org\/{rel}","templated":true}]}}