{"id":12561,"date":"2020-08-18T13:26:36","date_gmt":"2020-08-18T12:26:36","guid":{"rendered":"http:\/\/ostrowska.tv\/?p=12561"},"modified":"2020-08-18T13:26:36","modified_gmt":"2020-08-18T12:26:36","slug":"kierowca-ciezarowki-przewrocil-ja-na-bok-kolo-tartaku-w-antoninie","status":"publish","type":"post","link":"https:\/\/ostrowskatv.pl\/?p=12561","title":{"rendered":"Kierowca ci\u0119\u017car\u00f3wki przewr\u00f3ci\u0142 j\u0105 na bok ko\u0142o tartaku w Antoninie"},"content":{"rendered":"<p><strong>Kierowca z powiatu ostrowskiego jecha\u0142 ci\u0119\u017car\u00f3wk\u0105 od Antonina w stron\u0119 Ostrowa Wielkopolskiego. Na wysoko\u015bci tartaku widz\u0105c, \u017ce inne auto przed nim zatrzyma\u0142o si\u0119, zacz\u0105\u0142 gwa\u0142townie hamowa\u0107 i doprowadzi\u0142 do przewr\u00f3cenia si\u0119 ci\u0119\u017carowego Iveco. W zdarzeniu na szcz\u0119\u015bcie nikt nie ucierpia\u0142. Ruch odbywa\u0142 si\u0119 wahad\u0142owo.<\/strong><\/p>\n<div id='gallery-1' class='gallery galleryid-12561 gallery-columns-3 gallery-size-thumbnail'><figure class='gallery-item'>\n\t\t\t<div class='gallery-icon landscape'>\n\t\t\t\t<a href='https:\/\/ostrowskatv.pl\/?attachment_id=12560'><img loading=\"lazy\" decoding=\"async\" width=\"150\" height=\"150\" src=\"https:\/\/ostrowskatv.pl\/wp-content\/uploads\/2020\/08\/IMG_20200818_140420-01-150x150.jpeg\" class=\"attachment-thumbnail size-thumbnail\" alt=\"\" \/><\/a>\n\t\t\t<\/div><\/figure><figure class='gallery-item'>\n\t\t\t<div class='gallery-icon landscape'>\n\t\t\t\t<a href='https:\/\/ostrowskatv.pl\/?attachment_id=12559'><img loading=\"lazy\" decoding=\"async\" width=\"150\" height=\"150\" src=\"https:\/\/ostrowskatv.pl\/wp-content\/uploads\/2020\/08\/IMG_20200818_140300-01-150x150.jpeg\" class=\"attachment-thumbnail size-thumbnail\" alt=\"\" \/><\/a>\n\t\t\t<\/div><\/figure><figure class='gallery-item'>\n\t\t\t<div class='gallery-icon landscape'>\n\t\t\t\t<a href='https:\/\/ostrowskatv.pl\/?attachment_id=12558'><img loading=\"lazy\" decoding=\"async\" width=\"150\" height=\"150\" src=\"https:\/\/ostrowskatv.pl\/wp-content\/uploads\/2020\/08\/IMG_20200818_140246-01-150x150.jpeg\" class=\"attachment-thumbnail size-thumbnail\" alt=\"\" \/><\/a>\n\t\t\t<\/div><\/figure>\n\t\t<\/div>\n\n","protected":false},"excerpt":{"rendered":"Kierowca z powiatu ostrowskiego jecha\u0142 ci\u0119\u017car\u00f3wk\u0105 od Antonina w stron\u0119 Ostrowa Wielkopolskiego. Na wysoko\u015bci tartaku widz\u0105c, \u017ce inne auto przed nim zatrzyma\u0142o si\u0119, \n<a class=\"moretag\" href=\"https:\/\/ostrowskatv.pl\/?p=12561\"> [...]<\/a>","protected":false},"author":1,"featured_media":12559,"comment_status":"open","ping_status":"closed","sticky":false,"template":"","format":"standard","meta":{"footnotes":""},"categories":[1],"tags":[82],"class_list":["post-12561","post","type-post","status-publish","format-standard","has-post-thumbnail","hentry","category-news","tag-antonin"],"_links":{"self":[{"href":"https:\/\/ostrowskatv.pl\/index.php?rest_route=\/wp\/v2\/posts\/12561","targetHints":{"allow":["GET"]}}],"collection":[{"href":"https:\/\/ostrowskatv.pl\/index.php?rest_route=\/wp\/v2\/posts"}],"about":[{"href":"https:\/\/ostrowskatv.pl\/index.php?rest_route=\/wp\/v2\/types\/post"}],"author":[{"embeddable":true,"href":"https:\/\/ostrowskatv.pl\/index.php?rest_route=\/wp\/v2\/users\/1"}],"replies":[{"embeddable":true,"href":"https:\/\/ostrowskatv.pl\/index.php?rest_route=%2Fwp%2Fv2%2Fcomments&post=12561"}],"version-history":[{"count":0,"href":"https:\/\/ostrowskatv.pl\/index.php?rest_route=\/wp\/v2\/posts\/12561\/revisions"}],"wp:featuredmedia":[{"embeddable":true,"href":"https:\/\/ostrowskatv.pl\/index.php?rest_route=\/wp\/v2\/media\/12559"}],"wp:attachment":[{"href":"https:\/\/ostrowskatv.pl\/index.php?rest_route=%2Fwp%2Fv2%2Fmedia&parent=12561"}],"wp:term":[{"taxonomy":"category","embeddable":true,"href":"https:\/\/ostrowskatv.pl\/index.php?rest_route=%2Fwp%2Fv2%2Fcategories&post=12561"},{"taxonomy":"post_tag","embeddable":true,"href":"https:\/\/ostrowskatv.pl\/index.php?rest_route=%2Fwp%2Fv2%2Ftags&post=12561"}],"curies":[{"name":"wp","href":"https:\/\/api.w.org\/{rel}","templated":true}]}}