{"id":12545,"date":"2020-08-17T05:37:31","date_gmt":"2020-08-17T04:37:31","guid":{"rendered":"http:\/\/ostrowska.tv\/?p=12545"},"modified":"2020-08-17T05:37:31","modified_gmt":"2020-08-17T04:37:31","slug":"smierc-motocyklistow","status":"publish","type":"post","link":"https:\/\/ostrowskatv.pl\/?p=12545","title":{"rendered":"\u015amier\u0107 motocyklist\u00f3w"},"content":{"rendered":"<p><strong>Dwoje motocyklist\u00f3w z gm. Raszk\u00f3w zgin\u0119\u0142o na lokalnej drodze w powiecie ostrzeszowskim. Do wypadku dosz\u0142o w niedzielne popo\u0142udnie. Ze wst\u0119pnych ustale\u0144 wynika, \u017ce m\u0142oda kieruj\u0105ca Volvo wysun\u0119\u0142a si\u0119 z drogi podporz\u0105dkowanej. Motocyklista gwa\u0142townie hamowa\u0142.<\/strong><\/p>\n<div id='gallery-1' class='gallery galleryid-12545 gallery-columns-3 gallery-size-thumbnail'><figure class='gallery-item'>\n\t\t\t<div class='gallery-icon landscape'>\n\t\t\t\t<a href='https:\/\/ostrowskatv.pl\/?attachment_id=12546'><img loading=\"lazy\" decoding=\"async\" width=\"150\" height=\"150\" src=\"https:\/\/ostrowskatv.pl\/wp-content\/uploads\/2020\/08\/IMG_20200816_195232-01-150x150.jpeg\" class=\"attachment-thumbnail size-thumbnail\" alt=\"\" \/><\/a>\n\t\t\t<\/div><\/figure><figure class='gallery-item'>\n\t\t\t<div class='gallery-icon landscape'>\n\t\t\t\t<a href='https:\/\/ostrowskatv.pl\/?attachment_id=12547'><img loading=\"lazy\" decoding=\"async\" width=\"150\" height=\"150\" src=\"https:\/\/ostrowskatv.pl\/wp-content\/uploads\/2020\/08\/IMG_20200816_195342-01-150x150.jpeg\" class=\"attachment-thumbnail size-thumbnail\" alt=\"\" \/><\/a>\n\t\t\t<\/div><\/figure><figure class='gallery-item'>\n\t\t\t<div class='gallery-icon landscape'>\n\t\t\t\t<a href='https:\/\/ostrowskatv.pl\/?attachment_id=12548'><img loading=\"lazy\" decoding=\"async\" width=\"150\" height=\"150\" src=\"https:\/\/ostrowskatv.pl\/wp-content\/uploads\/2020\/08\/myslniew01-01-150x150.jpeg\" class=\"attachment-thumbnail size-thumbnail\" alt=\"\" \/><\/a>\n\t\t\t<\/div><\/figure>\n\t\t<\/div>\n\n","protected":false},"excerpt":{"rendered":"Dwoje motocyklist\u00f3w z gm. Raszk\u00f3w zgin\u0119\u0142o na lokalnej drodze w powiecie ostrzeszowskim. Do wypadku dosz\u0142o w niedzielne popo\u0142udnie. Ze wst\u0119pnych ustale\u0144 wynika, \u017ce \n<a class=\"moretag\" href=\"https:\/\/ostrowskatv.pl\/?p=12545\"> [...]<\/a>","protected":false},"author":1,"featured_media":12547,"comment_status":"open","ping_status":"closed","sticky":false,"template":"","format":"standard","meta":{"footnotes":""},"categories":[1],"tags":[2],"class_list":["post-12545","post","type-post","status-publish","format-standard","has-post-thumbnail","hentry","category-news","tag-ostrow-wielkopolski"],"_links":{"self":[{"href":"https:\/\/ostrowskatv.pl\/index.php?rest_route=\/wp\/v2\/posts\/12545","targetHints":{"allow":["GET"]}}],"collection":[{"href":"https:\/\/ostrowskatv.pl\/index.php?rest_route=\/wp\/v2\/posts"}],"about":[{"href":"https:\/\/ostrowskatv.pl\/index.php?rest_route=\/wp\/v2\/types\/post"}],"author":[{"embeddable":true,"href":"https:\/\/ostrowskatv.pl\/index.php?rest_route=\/wp\/v2\/users\/1"}],"replies":[{"embeddable":true,"href":"https:\/\/ostrowskatv.pl\/index.php?rest_route=%2Fwp%2Fv2%2Fcomments&post=12545"}],"version-history":[{"count":0,"href":"https:\/\/ostrowskatv.pl\/index.php?rest_route=\/wp\/v2\/posts\/12545\/revisions"}],"wp:featuredmedia":[{"embeddable":true,"href":"https:\/\/ostrowskatv.pl\/index.php?rest_route=\/wp\/v2\/media\/12547"}],"wp:attachment":[{"href":"https:\/\/ostrowskatv.pl\/index.php?rest_route=%2Fwp%2Fv2%2Fmedia&parent=12545"}],"wp:term":[{"taxonomy":"category","embeddable":true,"href":"https:\/\/ostrowskatv.pl\/index.php?rest_route=%2Fwp%2Fv2%2Fcategories&post=12545"},{"taxonomy":"post_tag","embeddable":true,"href":"https:\/\/ostrowskatv.pl\/index.php?rest_route=%2Fwp%2Fv2%2Ftags&post=12545"}],"curies":[{"name":"wp","href":"https:\/\/api.w.org\/{rel}","templated":true}]}}