{"id":12501,"date":"2020-08-13T13:28:37","date_gmt":"2020-08-13T12:28:37","guid":{"rendered":"http:\/\/ostrowska.tv\/?p=12501"},"modified":"2020-08-13T13:28:37","modified_gmt":"2020-08-13T12:28:37","slug":"niezwyczajna-kolizja-w-czekanowie-wideo","status":"publish","type":"post","link":"https:\/\/ostrowskatv.pl\/?p=12501","title":{"rendered":"(Nie)zwyczajna kolizja w Czekanowie (wideo)"},"content":{"rendered":"<p><strong>Po zamontowaniu \u015bwiate\u0142 w Czekanowie pozornie wzros\u0142o bezpiecze\u0144stwo. Z pewno\u015bci\u0105 \u0142atwiej si\u0119 w\u0142\u0105czy\u0107 do ruchu mieszka\u0144com z podporz\u0105dkowanych ulic, ale cz\u0119sto dochodzi do niebezpiecznych sytuacji na drodze krajowej nr 25. Najcz\u0119\u015bciej auta jad\u0105ce w stron\u0119 Ostrowa hamuj\u0105 w ostatniej chwili. Niekt\u00f3rym ta sztuka si\u0119 nie udaje.<\/strong><\/p>\n<p>W \u015brodowe popo\u0142udnie dosz\u0142o do pierwszej kolizji w\u015br\u00f3d aut jad\u0105cych od strony Kalisza. Zanim uczestnicy porozumieli si\u0119 w sprawie spisania o\u015bwiadczenia, dosz\u0142o do kolejnej kolizji. M\u0142ody kierowca Forda za p\u00f3\u017ano zorientowa\u0142 si\u0119, \u017ce jad\u0105cy przed nim Citroen C4 Cactus mocno zwolni\u0142 z powodu zatoru. W fordzie wystrzeli\u0142y poduszki powietrzne, a kierowca dozna\u0142 od tego mocnego otarcia r\u0119ki. Citroenem kierowa\u0142a mieszkanka gm. Nowe Skalmierzyce przewo\u017c\u0105ca dwoje ma\u0142ych dzieci.<\/p>\n<p>Po zjechaniu uszkodzonych aut na pobocze, kobieta podj\u0119\u0142a decyzj\u0119 o zadzwonieniu na policj\u0119, poniewa\u017c sprawca nie zd\u0105\u017cy\u0142 zainteresowa\u0107 si\u0119 czy kto\u015b w Citroenie nie potrzebuje pomocy. Po przyje\u017adzie funkcjonariuszy z drog\u00f3wki wysz\u0142o na jaw, \u017ce polisa OC w Citroenie nie zosta\u0142a op\u0142acona przez w\u0142a\u015bciciela pojazdu. Na szcz\u0119\u015bcie ubezpieczyciel automatycznie przed\u0142u\u017cy\u0142 dzia\u0142anie ubezpieczenia. W przeciwnym razie pokrzywdzeni w kolizji musieliby zap\u0142aci\u0107 a\u017c 5200 z\u0142 kary za brak OC.<\/p>\n<p>Sprawca kolizji nie mia\u0142 przy sobie za\u015bwiadczenia o wa\u017cno\u015bci bada\u0144 lekarskich na wzrok. To powoduje, \u017ce kierowca mo\u017ce zosta\u0107 potraktowany jako kieruj\u0105cy bez uprawnie\u0144. Ubezpieczyciel w takich sytuacjach wyp\u0142aca poszkodowanym nale\u017cne odszkodowanie, a nast\u0119pnie regresem \u015bci\u0105ga od sprawcy ca\u0142\u0105 kwot\u0119.<\/p>\n<p>Ta historia pokazuje, \u017ce warto sprawdza\u0107 wa\u017cno\u015b\u0107 swoich dokument\u00f3w, ewentualnie mo\u017cna sobie wpisa\u0107 w kalendarzu w telefonie. Wtedy przypomnienie pojawi si\u0119 nawet za 3 lata.<\/p>\n<p><iframe loading=\"lazy\" width=\"360\" height=\"285\" src=\"https:\/\/www.youtube.com\/embed\/nOToP2boa10\" frameborder=\"0\" allow=\"accelerometer; autoplay; encrypted-media; gyroscope; picture-in-picture\" allowfullscreen><\/iframe><\/p>\n<div id='gallery-1' class='gallery galleryid-12501 gallery-columns-3 gallery-size-thumbnail'><figure class='gallery-item'>\n\t\t\t<div class='gallery-icon landscape'>\n\t\t\t\t<a href='https:\/\/ostrowskatv.pl\/?attachment_id=12500'><img loading=\"lazy\" decoding=\"async\" width=\"150\" height=\"150\" src=\"https:\/\/ostrowskatv.pl\/wp-content\/uploads\/2020\/08\/IMG_20200812_170058-01-150x150.jpeg\" class=\"attachment-thumbnail size-thumbnail\" alt=\"\" \/><\/a>\n\t\t\t<\/div><\/figure><figure class='gallery-item'>\n\t\t\t<div class='gallery-icon landscape'>\n\t\t\t\t<a href='https:\/\/ostrowskatv.pl\/?attachment_id=12499'><img loading=\"lazy\" decoding=\"async\" width=\"150\" height=\"150\" src=\"https:\/\/ostrowskatv.pl\/wp-content\/uploads\/2020\/08\/IMG_20200812_1701072-01-150x150.jpeg\" class=\"attachment-thumbnail size-thumbnail\" alt=\"\" \/><\/a>\n\t\t\t<\/div><\/figure>\n\t\t<\/div>\n\n","protected":false},"excerpt":{"rendered":"Po zamontowaniu \u015bwiate\u0142 w Czekanowie pozornie wzros\u0142o bezpiecze\u0144stwo. Z pewno\u015bci\u0105 \u0142atwiej si\u0119 w\u0142\u0105czy\u0107 do ruchu mieszka\u0144com z podporz\u0105dkowanych ulic, ale cz\u0119sto dochodzi do \n<a class=\"moretag\" href=\"https:\/\/ostrowskatv.pl\/?p=12501\"> [...]<\/a>","protected":false},"author":1,"featured_media":12500,"comment_status":"open","ping_status":"closed","sticky":false,"template":"","format":"standard","meta":{"footnotes":""},"categories":[1],"tags":[98],"class_list":["post-12501","post","type-post","status-publish","format-standard","has-post-thumbnail","hentry","category-news","tag-czekanow"],"_links":{"self":[{"href":"https:\/\/ostrowskatv.pl\/index.php?rest_route=\/wp\/v2\/posts\/12501","targetHints":{"allow":["GET"]}}],"collection":[{"href":"https:\/\/ostrowskatv.pl\/index.php?rest_route=\/wp\/v2\/posts"}],"about":[{"href":"https:\/\/ostrowskatv.pl\/index.php?rest_route=\/wp\/v2\/types\/post"}],"author":[{"embeddable":true,"href":"https:\/\/ostrowskatv.pl\/index.php?rest_route=\/wp\/v2\/users\/1"}],"replies":[{"embeddable":true,"href":"https:\/\/ostrowskatv.pl\/index.php?rest_route=%2Fwp%2Fv2%2Fcomments&post=12501"}],"version-history":[{"count":0,"href":"https:\/\/ostrowskatv.pl\/index.php?rest_route=\/wp\/v2\/posts\/12501\/revisions"}],"wp:featuredmedia":[{"embeddable":true,"href":"https:\/\/ostrowskatv.pl\/index.php?rest_route=\/wp\/v2\/media\/12500"}],"wp:attachment":[{"href":"https:\/\/ostrowskatv.pl\/index.php?rest_route=%2Fwp%2Fv2%2Fmedia&parent=12501"}],"wp:term":[{"taxonomy":"category","embeddable":true,"href":"https:\/\/ostrowskatv.pl\/index.php?rest_route=%2Fwp%2Fv2%2Fcategories&post=12501"},{"taxonomy":"post_tag","embeddable":true,"href":"https:\/\/ostrowskatv.pl\/index.php?rest_route=%2Fwp%2Fv2%2Ftags&post=12501"}],"curies":[{"name":"wp","href":"https:\/\/api.w.org\/{rel}","templated":true}]}}