{"id":12488,"date":"2020-08-11T10:27:05","date_gmt":"2020-08-11T09:27:05","guid":{"rendered":"http:\/\/ostrowska.tv\/?p=12488"},"modified":"2020-08-11T10:48:15","modified_gmt":"2020-08-11T09:48:15","slug":"potezne-uderzenie-ciezarowki-w-osobowke","status":"publish","type":"post","link":"https:\/\/ostrowskatv.pl\/?p=12488","title":{"rendered":"Pot\u0119\u017cne uderzenie ci\u0119\u017car\u00f3wki w osob\u00f3wk\u0119"},"content":{"rendered":"<p><strong>Oko\u0142o godziny 11.00 oko\u0142o 25-letnia kieruj\u0105ca Citroenem wyjecha\u0142a z drogi podporz\u0105dkowanej w Rad\u0142owie na ul. Krotoszy\u0144skiej. Droga na Krotoszyn jest zablokowana.<\/strong><\/p>\n<p>M\u0142oda kobieta zostawi\u0142a auto u pobliskiego mechanika. Wyje\u017cd\u017ca\u0142a z ulicy Lamkowej w Rad\u0142owie. Wtedy w jej bok uderzy\u0142 samoch\u00f3d ci\u0119\u017carowy jad\u0105cy w stron\u0119 Krotoszyna.<\/p>\n<p>Oko\u0142o 25-letnia kieruj\u0105ca Citroenem by\u0142a zakleszczona w poje\u017adzie. Wraz z ni\u0105 podr\u00f3\u017cowa\u0142 pasa\u017cer. Kobieta po wypadku by\u0142a nieprzytomna.<\/p>\n<p>Znak drogowy na ulicy Lamkowej jest s\u0142abo widoczny. Lekko przekr\u0119cony i cz\u0119\u015bciowo zas\u0142oni\u0119ty przez li\u015bcie.<\/p>\n<div id='gallery-1' class='gallery galleryid-12488 gallery-columns-3 gallery-size-thumbnail'><figure class='gallery-item'>\n\t\t\t<div class='gallery-icon landscape'>\n\t\t\t\t<a href='https:\/\/ostrowskatv.pl\/?attachment_id=12492'><img loading=\"lazy\" decoding=\"async\" width=\"150\" height=\"150\" src=\"https:\/\/ostrowskatv.pl\/wp-content\/uploads\/2020\/08\/IMG_20200811_111943-01-150x150.jpeg\" class=\"attachment-thumbnail size-thumbnail\" alt=\"\" \/><\/a>\n\t\t\t<\/div><\/figure><figure class='gallery-item'>\n\t\t\t<div class='gallery-icon landscape'>\n\t\t\t\t<a href='https:\/\/ostrowskatv.pl\/?attachment_id=12493'><img loading=\"lazy\" decoding=\"async\" width=\"150\" height=\"150\" src=\"https:\/\/ostrowskatv.pl\/wp-content\/uploads\/2020\/08\/IMG_20200811_111935-01-01-150x150.jpeg\" class=\"attachment-thumbnail size-thumbnail\" alt=\"\" \/><\/a>\n\t\t\t<\/div><\/figure><figure class='gallery-item'>\n\t\t\t<div class='gallery-icon landscape'>\n\t\t\t\t<a href='https:\/\/ostrowskatv.pl\/?attachment_id=12494'><img loading=\"lazy\" decoding=\"async\" width=\"150\" height=\"150\" src=\"https:\/\/ostrowskatv.pl\/wp-content\/uploads\/2020\/08\/IMG_20200811_113121-01-150x150.jpeg\" class=\"attachment-thumbnail size-thumbnail\" alt=\"\" \/><\/a>\n\t\t\t<\/div><\/figure><figure class='gallery-item'>\n\t\t\t<div class='gallery-icon landscape'>\n\t\t\t\t<a href='https:\/\/ostrowskatv.pl\/?attachment_id=12495'><img loading=\"lazy\" decoding=\"async\" width=\"150\" height=\"150\" src=\"https:\/\/ostrowskatv.pl\/wp-content\/uploads\/2020\/08\/IMG_20200811_111952-01-150x150.jpeg\" class=\"attachment-thumbnail size-thumbnail\" alt=\"\" \/><\/a>\n\t\t\t<\/div><\/figure>\n\t\t<\/div>\n\n","protected":false},"excerpt":{"rendered":"Oko\u0142o godziny 11.00 oko\u0142o 25-letnia kieruj\u0105ca Citroenem wyjecha\u0142a z drogi podporz\u0105dkowanej w Rad\u0142owie na ul. Krotoszy\u0144skiej. Droga na Krotoszyn jest zablokowana. M\u0142oda kobieta \n<a class=\"moretag\" href=\"https:\/\/ostrowskatv.pl\/?p=12488\"> [...]<\/a>","protected":false},"author":1,"featured_media":12489,"comment_status":"open","ping_status":"closed","sticky":false,"template":"","format":"standard","meta":{"footnotes":""},"categories":[1],"tags":[138],"class_list":["post-12488","post","type-post","status-publish","format-standard","has-post-thumbnail","hentry","category-news","tag-radlow"],"_links":{"self":[{"href":"https:\/\/ostrowskatv.pl\/index.php?rest_route=\/wp\/v2\/posts\/12488","targetHints":{"allow":["GET"]}}],"collection":[{"href":"https:\/\/ostrowskatv.pl\/index.php?rest_route=\/wp\/v2\/posts"}],"about":[{"href":"https:\/\/ostrowskatv.pl\/index.php?rest_route=\/wp\/v2\/types\/post"}],"author":[{"embeddable":true,"href":"https:\/\/ostrowskatv.pl\/index.php?rest_route=\/wp\/v2\/users\/1"}],"replies":[{"embeddable":true,"href":"https:\/\/ostrowskatv.pl\/index.php?rest_route=%2Fwp%2Fv2%2Fcomments&post=12488"}],"version-history":[{"count":0,"href":"https:\/\/ostrowskatv.pl\/index.php?rest_route=\/wp\/v2\/posts\/12488\/revisions"}],"wp:featuredmedia":[{"embeddable":true,"href":"https:\/\/ostrowskatv.pl\/index.php?rest_route=\/wp\/v2\/media\/12489"}],"wp:attachment":[{"href":"https:\/\/ostrowskatv.pl\/index.php?rest_route=%2Fwp%2Fv2%2Fmedia&parent=12488"}],"wp:term":[{"taxonomy":"category","embeddable":true,"href":"https:\/\/ostrowskatv.pl\/index.php?rest_route=%2Fwp%2Fv2%2Fcategories&post=12488"},{"taxonomy":"post_tag","embeddable":true,"href":"https:\/\/ostrowskatv.pl\/index.php?rest_route=%2Fwp%2Fv2%2Ftags&post=12488"}],"curies":[{"name":"wp","href":"https:\/\/api.w.org\/{rel}","templated":true}]}}