{"id":12478,"date":"2020-08-10T15:14:28","date_gmt":"2020-08-10T14:14:28","guid":{"rendered":"http:\/\/ostrowska.tv\/?p=12478"},"modified":"2020-08-10T18:41:06","modified_gmt":"2020-08-10T17:41:06","slug":"zderzenie-2-ciezarowek-na-obwodnicy-skalmierzyc","status":"publish","type":"post","link":"https:\/\/ostrowskatv.pl\/?p=12478","title":{"rendered":"Zderzenie 2 ci\u0119\u017car\u00f3wek na obwodnicy Skalmierzyc"},"content":{"rendered":"<p><strong>Na obwodnicy Skalmierzyc dosz\u0142o do gro\u017anie wygl\u0105daj\u0105cego zderzenia dw\u00f3ch ci\u0119\u017car\u00f3wek. Jedna z ci\u0119\u017car\u00f3wek jecha\u0142a na czo\u0142owe zderzenie. Kierowca podj\u0105\u0142 manewr obronny zje\u017cd\u017caj\u0105c w stron\u0119 pobocza. Jeden kierowca dozna\u0142 niegro\u017anego urazu nogi. Wi\u0119cej zdj\u0119\u0107 i informacji wkr\u00f3tce. <\/strong><\/p>\n<p>Ruch odbywa si\u0119 wahad\u0142owo.<\/p>\n<div id='gallery-1' class='gallery galleryid-12478 gallery-columns-3 gallery-size-thumbnail'><figure class='gallery-item'>\n\t\t\t<div class='gallery-icon landscape'>\n\t\t\t\t<a href='https:\/\/ostrowskatv.pl\/?attachment_id=12480'><img loading=\"lazy\" decoding=\"async\" width=\"150\" height=\"150\" src=\"https:\/\/ostrowskatv.pl\/wp-content\/uploads\/2020\/08\/obwskalm05-150x150.jpg\" class=\"attachment-thumbnail size-thumbnail\" alt=\"\" \/><\/a>\n\t\t\t<\/div><\/figure><figure class='gallery-item'>\n\t\t\t<div class='gallery-icon landscape'>\n\t\t\t\t<a href='https:\/\/ostrowskatv.pl\/?attachment_id=12481'><img loading=\"lazy\" decoding=\"async\" width=\"150\" height=\"150\" src=\"https:\/\/ostrowskatv.pl\/wp-content\/uploads\/2020\/08\/obwskalm04-150x150.jpg\" class=\"attachment-thumbnail size-thumbnail\" alt=\"\" \/><\/a>\n\t\t\t<\/div><\/figure><figure class='gallery-item'>\n\t\t\t<div class='gallery-icon landscape'>\n\t\t\t\t<a href='https:\/\/ostrowskatv.pl\/?attachment_id=12486'><img loading=\"lazy\" decoding=\"async\" width=\"150\" height=\"150\" src=\"https:\/\/ostrowskatv.pl\/wp-content\/uploads\/2020\/08\/IMG_20200810_1935212-01-150x150.jpeg\" class=\"attachment-thumbnail size-thumbnail\" alt=\"\" \/><\/a>\n\t\t\t<\/div><\/figure><figure class='gallery-item'>\n\t\t\t<div class='gallery-icon portrait'>\n\t\t\t\t<a href='https:\/\/ostrowskatv.pl\/?attachment_id=12485'><img loading=\"lazy\" decoding=\"async\" width=\"150\" height=\"150\" src=\"https:\/\/ostrowskatv.pl\/wp-content\/uploads\/2020\/08\/IMG_20200810_193023-01-150x150.jpeg\" class=\"attachment-thumbnail size-thumbnail\" alt=\"\" \/><\/a>\n\t\t\t<\/div><\/figure>\n\t\t<\/div>\n\n<div id='gallery-2' class='gallery galleryid-12478 gallery-columns-3 gallery-size-thumbnail'><figure class='gallery-item'>\n\t\t\t<div class='gallery-icon landscape'>\n\t\t\t\t<a href='https:\/\/ostrowskatv.pl\/?attachment_id=12477'><img loading=\"lazy\" decoding=\"async\" width=\"150\" height=\"150\" src=\"https:\/\/ostrowskatv.pl\/wp-content\/uploads\/2020\/08\/obwskalm1-150x150.jpg\" class=\"attachment-thumbnail size-thumbnail\" alt=\"\" \/><\/a>\n\t\t\t<\/div><\/figure><figure class='gallery-item'>\n\t\t\t<div class='gallery-icon landscape'>\n\t\t\t\t<a href='https:\/\/ostrowskatv.pl\/?attachment_id=12476'><img loading=\"lazy\" decoding=\"async\" width=\"150\" height=\"150\" src=\"https:\/\/ostrowskatv.pl\/wp-content\/uploads\/2020\/08\/skalmobw02-150x150.jpg\" class=\"attachment-thumbnail size-thumbnail\" alt=\"\" \/><\/a>\n\t\t\t<\/div><\/figure>\n\t\t<\/div>\n\n<p>Pierwsze zdj\u0119cia dzi\u0119ki uprzejmo\u015bci <a href=\"http:\/\/infoskalmierzyce.pl\">infoskalmierzyce.pl<\/a><\/p>\n","protected":false},"excerpt":{"rendered":"Na obwodnicy Skalmierzyc dosz\u0142o do gro\u017anie wygl\u0105daj\u0105cego zderzenia dw\u00f3ch ci\u0119\u017car\u00f3wek. Jedna z ci\u0119\u017car\u00f3wek jecha\u0142a na czo\u0142owe zderzenie. Kierowca podj\u0105\u0142 manewr obronny zje\u017cd\u017caj\u0105c w \n<a class=\"moretag\" href=\"https:\/\/ostrowskatv.pl\/?p=12478\"> [...]<\/a>","protected":false},"author":1,"featured_media":12484,"comment_status":"open","ping_status":"closed","sticky":false,"template":"","format":"standard","meta":{"footnotes":""},"categories":[1],"tags":[189],"class_list":["post-12478","post","type-post","status-publish","format-standard","has-post-thumbnail","hentry","category-news","tag-obwodnica-skalmierzyc"],"_links":{"self":[{"href":"https:\/\/ostrowskatv.pl\/index.php?rest_route=\/wp\/v2\/posts\/12478","targetHints":{"allow":["GET"]}}],"collection":[{"href":"https:\/\/ostrowskatv.pl\/index.php?rest_route=\/wp\/v2\/posts"}],"about":[{"href":"https:\/\/ostrowskatv.pl\/index.php?rest_route=\/wp\/v2\/types\/post"}],"author":[{"embeddable":true,"href":"https:\/\/ostrowskatv.pl\/index.php?rest_route=\/wp\/v2\/users\/1"}],"replies":[{"embeddable":true,"href":"https:\/\/ostrowskatv.pl\/index.php?rest_route=%2Fwp%2Fv2%2Fcomments&post=12478"}],"version-history":[{"count":0,"href":"https:\/\/ostrowskatv.pl\/index.php?rest_route=\/wp\/v2\/posts\/12478\/revisions"}],"wp:featuredmedia":[{"embeddable":true,"href":"https:\/\/ostrowskatv.pl\/index.php?rest_route=\/wp\/v2\/media\/12484"}],"wp:attachment":[{"href":"https:\/\/ostrowskatv.pl\/index.php?rest_route=%2Fwp%2Fv2%2Fmedia&parent=12478"}],"wp:term":[{"taxonomy":"category","embeddable":true,"href":"https:\/\/ostrowskatv.pl\/index.php?rest_route=%2Fwp%2Fv2%2Fcategories&post=12478"},{"taxonomy":"post_tag","embeddable":true,"href":"https:\/\/ostrowskatv.pl\/index.php?rest_route=%2Fwp%2Fv2%2Ftags&post=12478"}],"curies":[{"name":"wp","href":"https:\/\/api.w.org\/{rel}","templated":true}]}}