{"id":12467,"date":"2020-08-07T15:29:01","date_gmt":"2020-08-07T14:29:01","guid":{"rendered":"http:\/\/ostrowska.tv\/?p=12467"},"modified":"2020-08-07T16:30:34","modified_gmt":"2020-08-07T15:30:34","slug":"zamknieto-komisariaty-pod-ostrowem-z-powodu-koronawirusa","status":"publish","type":"post","link":"https:\/\/ostrowskatv.pl\/?p=12467","title":{"rendered":"Zamkni\u0119to komisariaty pod Ostrowem z powodu koronawirusa"},"content":{"rendered":"<p><strong>Dwa komisariaty policji zosta\u0142y zamkni\u0119te z powodu ogniska koronawirusa SARS-CoV2. Mowa o jednostkach w Nowych Skalmierzycach i Sieroszewicach.<br \/>\nNa co dzie\u0144 pracuje w nich 16, funkcjonariuszy i 1 cywil. Testy potwierdzi\u0142y jego obecno\u015b\u0107 u 7 os\u00f3b. <\/strong><\/p>\n<p>Kwarantann\u0105 obj\u0119to 14 os\u00f3b, w tym 1 cywila. <\/p>\n","protected":false},"excerpt":{"rendered":"Dwa komisariaty policji zosta\u0142y zamkni\u0119te z powodu ogniska koronawirusa SARS-CoV2. Mowa o jednostkach w Nowych Skalmierzycach i Sieroszewicach. Na co dzie\u0144 pracuje w \n<a class=\"moretag\" href=\"https:\/\/ostrowskatv.pl\/?p=12467\"> [...]<\/a>","protected":false},"author":1,"featured_media":11630,"comment_status":"open","ping_status":"closed","sticky":false,"template":"","format":"standard","meta":{"footnotes":""},"categories":[1],"tags":[34],"class_list":["post-12467","post","type-post","status-publish","format-standard","has-post-thumbnail","hentry","category-news","tag-policja"],"_links":{"self":[{"href":"https:\/\/ostrowskatv.pl\/index.php?rest_route=\/wp\/v2\/posts\/12467","targetHints":{"allow":["GET"]}}],"collection":[{"href":"https:\/\/ostrowskatv.pl\/index.php?rest_route=\/wp\/v2\/posts"}],"about":[{"href":"https:\/\/ostrowskatv.pl\/index.php?rest_route=\/wp\/v2\/types\/post"}],"author":[{"embeddable":true,"href":"https:\/\/ostrowskatv.pl\/index.php?rest_route=\/wp\/v2\/users\/1"}],"replies":[{"embeddable":true,"href":"https:\/\/ostrowskatv.pl\/index.php?rest_route=%2Fwp%2Fv2%2Fcomments&post=12467"}],"version-history":[{"count":0,"href":"https:\/\/ostrowskatv.pl\/index.php?rest_route=\/wp\/v2\/posts\/12467\/revisions"}],"wp:featuredmedia":[{"embeddable":true,"href":"https:\/\/ostrowskatv.pl\/index.php?rest_route=\/wp\/v2\/media\/11630"}],"wp:attachment":[{"href":"https:\/\/ostrowskatv.pl\/index.php?rest_route=%2Fwp%2Fv2%2Fmedia&parent=12467"}],"wp:term":[{"taxonomy":"category","embeddable":true,"href":"https:\/\/ostrowskatv.pl\/index.php?rest_route=%2Fwp%2Fv2%2Fcategories&post=12467"},{"taxonomy":"post_tag","embeddable":true,"href":"https:\/\/ostrowskatv.pl\/index.php?rest_route=%2Fwp%2Fv2%2Ftags&post=12467"}],"curies":[{"name":"wp","href":"https:\/\/api.w.org\/{rel}","templated":true}]}}