{"id":12448,"date":"2020-08-06T06:34:36","date_gmt":"2020-08-06T05:34:36","guid":{"rendered":"http:\/\/ostrowska.tv\/?p=12448"},"modified":"2020-08-06T06:34:36","modified_gmt":"2020-08-06T05:34:36","slug":"w-nocy-splonely-dwa-auta","status":"publish","type":"post","link":"https:\/\/ostrowskatv.pl\/?p=12448","title":{"rendered":"W nocy sp\u0142on\u0119\u0142y dwa auta"},"content":{"rendered":"<p><strong>W nocy z \u015brody na czwartek sp\u0142on\u0119\u0142y na terenie powiatu ostrowskiego 2 auta. Pierwszy po\u017car zg\u0142oszono w Przygodzicach  przy ul. Nowe Osiedle. Drugi i znacznie gro\u017aniejszy po\u017car mia\u0142 miejsce przy ul. Kr. Jadwigi w Ostrowie Wielkopolskim.<\/strong><\/p>\n<p>W Przygodzicach zapali\u0142o si\u0119 Kia Sorento. W\u0142a\u015bciciel przed przybyciem stra\u017cak\u00f3w zdusul ogie\u0144 i sp\u0142on\u0119\u0142a cz\u0119\u015b\u0107 wn\u0119trza.<\/p>\n<p>Przy ul. Kr. Jadwigi ogniem by\u0142a obj\u0119ta Toyota Yaris. P\u0142omienie i temperatura by\u0142y na tyle du\u017ce, \u017ce uszkodzi\u0142y elewacj\u0119 bloku oraz zaparkowanego obok busa Renault Traffic.<\/p>\n<p>Tej samej nocy kto\u015b wy\u0142ama\u0142 po raz kolejny tylne wycieraczki zar\u00f3wno w Toyocie jak i zaparkowanym obok Nissanie. <\/p>\n<div id='gallery-1' class='gallery galleryid-12448 gallery-columns-3 gallery-size-thumbnail'><figure class='gallery-item'>\n\t\t\t<div class='gallery-icon landscape'>\n\t\t\t\t<a href='https:\/\/ostrowskatv.pl\/?attachment_id=12447'><img loading=\"lazy\" decoding=\"async\" width=\"150\" height=\"150\" src=\"https:\/\/ostrowskatv.pl\/wp-content\/uploads\/2020\/08\/IMG_20200806_065327-01-150x150.jpeg\" class=\"attachment-thumbnail size-thumbnail\" alt=\"\" \/><\/a>\n\t\t\t<\/div><\/figure><figure class='gallery-item'>\n\t\t\t<div class='gallery-icon landscape'>\n\t\t\t\t<a href='https:\/\/ostrowskatv.pl\/?attachment_id=12446'><img loading=\"lazy\" decoding=\"async\" width=\"150\" height=\"150\" src=\"https:\/\/ostrowskatv.pl\/wp-content\/uploads\/2020\/08\/IMG_20200806_065235-01-150x150.jpeg\" class=\"attachment-thumbnail size-thumbnail\" alt=\"\" \/><\/a>\n\t\t\t<\/div><\/figure><figure class='gallery-item'>\n\t\t\t<div class='gallery-icon landscape'>\n\t\t\t\t<a href='https:\/\/ostrowskatv.pl\/?attachment_id=12445'><img loading=\"lazy\" decoding=\"async\" width=\"150\" height=\"150\" src=\"https:\/\/ostrowskatv.pl\/wp-content\/uploads\/2020\/08\/IMG_20200806_065148-01-150x150.jpeg\" class=\"attachment-thumbnail size-thumbnail\" alt=\"\" \/><\/a>\n\t\t\t<\/div><\/figure>\n\t\t<\/div>\n\n","protected":false},"excerpt":{"rendered":"W nocy z \u015brody na czwartek sp\u0142on\u0119\u0142y na terenie powiatu ostrowskiego 2 auta. Pierwszy po\u017car zg\u0142oszono w Przygodzicach przy ul. Nowe Osiedle. Drugi \n<a class=\"moretag\" href=\"https:\/\/ostrowskatv.pl\/?p=12448\"> [...]<\/a>","protected":false},"author":1,"featured_media":12447,"comment_status":"open","ping_status":"closed","sticky":false,"template":"","format":"standard","meta":{"footnotes":""},"categories":[1],"tags":[7],"class_list":["post-12448","post","type-post","status-publish","format-standard","has-post-thumbnail","hentry","category-news","tag-pozar"],"_links":{"self":[{"href":"https:\/\/ostrowskatv.pl\/index.php?rest_route=\/wp\/v2\/posts\/12448","targetHints":{"allow":["GET"]}}],"collection":[{"href":"https:\/\/ostrowskatv.pl\/index.php?rest_route=\/wp\/v2\/posts"}],"about":[{"href":"https:\/\/ostrowskatv.pl\/index.php?rest_route=\/wp\/v2\/types\/post"}],"author":[{"embeddable":true,"href":"https:\/\/ostrowskatv.pl\/index.php?rest_route=\/wp\/v2\/users\/1"}],"replies":[{"embeddable":true,"href":"https:\/\/ostrowskatv.pl\/index.php?rest_route=%2Fwp%2Fv2%2Fcomments&post=12448"}],"version-history":[{"count":0,"href":"https:\/\/ostrowskatv.pl\/index.php?rest_route=\/wp\/v2\/posts\/12448\/revisions"}],"wp:featuredmedia":[{"embeddable":true,"href":"https:\/\/ostrowskatv.pl\/index.php?rest_route=\/wp\/v2\/media\/12447"}],"wp:attachment":[{"href":"https:\/\/ostrowskatv.pl\/index.php?rest_route=%2Fwp%2Fv2%2Fmedia&parent=12448"}],"wp:term":[{"taxonomy":"category","embeddable":true,"href":"https:\/\/ostrowskatv.pl\/index.php?rest_route=%2Fwp%2Fv2%2Fcategories&post=12448"},{"taxonomy":"post_tag","embeddable":true,"href":"https:\/\/ostrowskatv.pl\/index.php?rest_route=%2Fwp%2Fv2%2Ftags&post=12448"}],"curies":[{"name":"wp","href":"https:\/\/api.w.org\/{rel}","templated":true}]}}